{"id":15654,"date":"2026-03-05T10:20:41","date_gmt":"2026-03-05T10:20:41","guid":{"rendered":"https:\/\/www.aezuff.org\/extranet\/?p=15654"},"modified":"2026-03-05T10:20:42","modified_gmt":"2026-03-05T10:20:42","slug":"concurso-de-ilustracoes-escola-azul","status":"publish","type":"post","link":"https:\/\/www.aezuff.org\/extranet\/concurso-de-ilustracoes-escola-azul\/","title":{"rendered":"Concurso de ilustra\u00e7\u00f5es Escola Azul"},"content":{"rendered":"\n<h1 class=\"wp-block-heading\">O AEZUFF, no seu terceiro ano como Escola Azul, volta a ter pelo terceiro ano consecutivo, ilustra\u00e7\u00f5es selecionadas no concurso nacional para o calend\u00e1rio Hidroval, do Programa Escola Azul.<\/h1>\n\n\n\n<p>Os alunos da Escola B\u00e1sica Jo\u00e3o de Barros, participaram na 4\u00aa edi\u00e7\u00e3o do concurso nacional de ilustra\u00e7\u00f5es para o calend\u00e1rio 2026 \u201c\u00c1gua, S\u00f3 H\u00e1 Uma!\u201d, da HIDROVAL sob o tema \u201dA \u00c1gua e o Clima\u201d.<\/p>\n\n\n\n<p>Neste concurso, em parceria com a Hidroval e o Pavilh\u00e3o da \u00c1gua no Porto e que conta tamb\u00e9m com a colabora\u00e7\u00e3o da Escola Azul, participaram 48 escolas de Portugal Continental, Regi\u00e3o Aut\u00f3noma da Madeira, Angola, S\u00e3o Tom\u00e9 e Pr\u00edncipe e Timor-Leste, com o envio de 125 ilustra\u00e7\u00f5es.<\/p>\n\n\n\n<p>As ilustra\u00e7\u00f5es das nossas alunas do 5\u00ba 13, Yasmin Silva e Zuzanna Kalebasiak-Krac (esta agora no 6\u00ba 12), foram duas das selecionadas, fazendo parte do calend\u00e1rio (m\u00eas de junho e m\u00eas de setembro) editado pela HIDROVAL, empresa de refer\u00eancia nacional em sistemas inovadores, eficientes e sustent\u00e1veis de gest\u00e3o de \u00e1gua. O trabalho destas alunas, foram elaborados, na disciplina de Educa\u00e7\u00e3o Visual e Educa\u00e7\u00e3o Tecnol\u00f3gica, com o professor Vitor Pereira.<\/p>\n\n\n\n<p>Em 2026, todas as ilustra\u00e7\u00f5es ser\u00e3o exibidas no Pavilh\u00e3o da \u00c1gua no Porto, um museu interativo dedicado \u00e0 \u00e1gua. A Yasmin e a Zuzanna, receber\u00e3o um convite para visitar a exposi\u00e7\u00e3o e o seu trabalho ser\u00e1 divulgado nas redes sociais da Hidroval \u2013 Facebook (hidroval.lda), LinkedIn (Hidroval), Instagram (hidroval) e no Website (<a href=\"https:\/\/l.facebook.com\/l.php?u=http%3A%2F%2Fwww.hidroval.pt%2F%3Ffbclid%3DIwZXh0bgNhZW0CMTAAAR3qL4XbnKju111uPK4IANWNwgR-CvwyQxEtI8_dHADXktl6FvkTiij6j84_aem_ypz2gErJqWdnw3tcXHJpEg&amp;h=AT3vvFuDqFyRUaKc-rfXsdQ1oSU25NErdDC4Uz0YE6nphxSgfqP-TD496Mc2_Qb74YM1O2B8cBmaFeIkxWoyc3gEO7OOeV_rXkLEIPfT331sF8NOsZHxcwA_MPKErp0s8jm6&amp;__tn__=-UK-R&amp;c%5b0%5d=AT26mVTXAJRv3UeOCyCjbNPQMICQILw5cfu4eeegE6HcvFopMuTmRcF53iHLmo-E_rY05rfoINfOTsXpkueFNlr-wBQ-USGd_Ekd0S-TPvACqNrg1XEdgW2AyC9GeeH8go1V8i0ROHcJngMaKKVylx5Voj2U9rTq1xsnO1Mc7y2j\" target=\"_blank\" rel=\"noreferrer noopener\">www.hidroval.pt<\/a>) de forma a promover as a\u00e7\u00f5es de literacia de gest\u00e3o da \u00e1gua.<\/p>\n\n\n\n<p>Nas aulas, fez-se a sensibiliza\u00e7\u00e3o sobre a problem\u00e1tica das altera\u00e7\u00f5es clim\u00e1ticas e a sua influ\u00eancia na qualidade de vida de todo o Planeta.<\/p>\n\n\n\n<p>Parab\u00e9ns \u00e0 Yasmin, \u00e0 Zuzanna e ao AEZUFF, que mais uma vez tem trabalhos dos seus alunos selecionados entre os melhores a n\u00edvel nacional.<\/p>\n\n\n\n<figure class=\"wp-block-image size-large\"><img decoding=\"async\" loading=\"lazy\" width=\"1024\" height=\"768\" src=\"https:\/\/www.aezuff.org\/extranet\/http:\/\/www.aezuff.org\/extranet\/wp-content\/uploads\/2012\/10\/\/2026\/03\/IMG_2263-1024x768.jpeg\" alt=\"\" class=\"wp-image-15655\" srcset=\"https:\/\/www.aezuff.org\/extranet\/http:\/\/www.aezuff.org\/extranet\/wp-content\/uploads\/2012\/10\/2026\/03\/IMG_2263-1024x768.jpeg 1024w, https:\/\/www.aezuff.org\/extranet\/http:\/\/www.aezuff.org\/extranet\/wp-content\/uploads\/2012\/10\/2026\/03\/IMG_2263-300x225.jpeg 300w, https:\/\/www.aezuff.org\/extranet\/http:\/\/www.aezuff.org\/extranet\/wp-content\/uploads\/2012\/10\/2026\/03\/IMG_2263-768x576.jpeg 768w, https:\/\/www.aezuff.org\/extranet\/http:\/\/www.aezuff.org\/extranet\/wp-content\/uploads\/2012\/10\/2026\/03\/IMG_2263-1536x1152.jpeg 1536w, https:\/\/www.aezuff.org\/extranet\/http:\/\/www.aezuff.org\/extranet\/wp-content\/uploads\/2012\/10\/2026\/03\/IMG_2263-2048x1536.jpeg 2048w\" sizes=\"(max-width: 1024px) 100vw, 1024px\" \/><\/figure>\n<span class=\"synved-social-container synved-social-container-follow\"><a class=\"synved-social-button synved-social-button-follow synved-social-size-24 synved-social-resolution-single synved-social-provider-facebook nolightbox\" data-provider=\"facebook\" target=\"_blank\" rel=\"nofollow\" title=\"Siga-nos no Facebook\" href=\"https:\/\/www.facebook.com\/pages\/Agrupamento-de-Escolas-da-Zona-Urbana-da-Figueira-da-Foz\/112980278714783\" style=\"font-size: 0px; width:24px;height:24px;margin:0;margin-bottom:5px;margin-right:5px;\"><img alt=\"Facebook\" title=\"Siga-nos no Facebook\" class=\"synved-share-image synved-social-image synved-social-image-follow\" width=\"24\" height=\"24\" style=\"display: inline; width:24px;height:24px; margin: 0; padding: 0; border: none; box-shadow: none;\" src=\"https:\/\/www.aezuff.org\/extranet\/wp-content\/plugins\/social-media-feather\/synved-social\/addons\/extra-icons\/image\/social\/flag\/48x48\/facebook.png\" \/><\/a><a class=\"synved-social-button synved-social-button-follow synved-social-size-24 synved-social-resolution-single synved-social-provider-twitter nolightbox\" data-provider=\"twitter\" target=\"_blank\" rel=\"nofollow\" title=\"Siga-nos no Twitter\" href=\"https:\/\/twitter.com\/aezuff\" style=\"font-size: 0px; width:24px;height:24px;margin:0;margin-bottom:5px;margin-right:5px;\"><img alt=\"twitter\" title=\"Siga-nos no Twitter\" class=\"synved-share-image synved-social-image synved-social-image-follow\" width=\"24\" height=\"24\" style=\"display: inline; width:24px;height:24px; margin: 0; padding: 0; border: none; box-shadow: none;\" src=\"https:\/\/www.aezuff.org\/extranet\/wp-content\/plugins\/social-media-feather\/synved-social\/addons\/extra-icons\/image\/social\/flag\/48x48\/twitter.png\" \/><\/a><a class=\"synved-social-button synved-social-button-follow synved-social-size-24 synved-social-resolution-single synved-social-provider-youtube nolightbox\" data-provider=\"youtube\" target=\"_blank\" rel=\"nofollow\" title=\"Subscreva-nos no YouTube\" href=\"http:\/\/www.youtube.com\/user\/actividadeseb23jb\" style=\"font-size: 0px; width:24px;height:24px;margin:0;margin-bottom:5px;\"><img alt=\"youtube\" title=\"Subscreva-nos no YouTube\" class=\"synved-share-image synved-social-image synved-social-image-follow\" width=\"24\" height=\"24\" style=\"display: inline; width:24px;height:24px; margin: 0; padding: 0; border: none; box-shadow: none;\" src=\"https:\/\/www.aezuff.org\/extranet\/wp-content\/plugins\/social-media-feather\/synved-social\/addons\/extra-icons\/image\/social\/flag\/48x48\/youtube.png\" \/><\/a><a class=\"synved-social-credit\" target=\"_blank\" rel=\"nofollow\" title=\"WordPress Social Media Feather\" href=\"http:\/\/synved.com\/wordpress-social-media-feather\/\" style=\"color:#444; text-decoration:none; font-size:8px; margin-left:5px;vertical-align:10px;white-space:nowrap;\"><span>by <\/span><img style=\"display: inline;margin:0;padding:0;width:16px;height:16px;\" width=\"16\" height=\"16\" alt=\"feather\" src=\"https:\/\/www.aezuff.org\/extranet\/wp-content\/plugins\/social-media-feather\/synved-social\/image\/icon.png\" \/><\/a><\/span>","protected":false},"excerpt":{"rendered":"<p>O AEZUFF, no seu terceiro ano como Escola Azul, volta a ter pelo terceiro ano consecutivo, ilustra\u00e7\u00f5es selecionadas no concurso nacional para o calend\u00e1rio Hidroval, do Programa Escola Azul. Os alunos da Escola B\u00e1sica&#46;&#46;&#46;<\/p>\n","protected":false},"author":1,"featured_media":15655,"comment_status":"closed","ping_status":"open","sticky":false,"template":"","format":"standard","meta":{"footnotes":""},"categories":[1],"tags":[],"_links":{"self":[{"href":"https:\/\/www.aezuff.org\/extranet\/wp-json\/wp\/v2\/posts\/15654"}],"collection":[{"href":"https:\/\/www.aezuff.org\/extranet\/wp-json\/wp\/v2\/posts"}],"about":[{"href":"https:\/\/www.aezuff.org\/extranet\/wp-json\/wp\/v2\/types\/post"}],"author":[{"embeddable":true,"href":"https:\/\/www.aezuff.org\/extranet\/wp-json\/wp\/v2\/users\/1"}],"replies":[{"embeddable":true,"href":"https:\/\/www.aezuff.org\/extranet\/wp-json\/wp\/v2\/comments?post=15654"}],"version-history":[{"count":1,"href":"https:\/\/www.aezuff.org\/extranet\/wp-json\/wp\/v2\/posts\/15654\/revisions"}],"predecessor-version":[{"id":15656,"href":"https:\/\/www.aezuff.org\/extranet\/wp-json\/wp\/v2\/posts\/15654\/revisions\/15656"}],"wp:featuredmedia":[{"embeddable":true,"href":"https:\/\/www.aezuff.org\/extranet\/wp-json\/wp\/v2\/media\/15655"}],"wp:attachment":[{"href":"https:\/\/www.aezuff.org\/extranet\/wp-json\/wp\/v2\/media?parent=15654"}],"wp:term":[{"taxonomy":"category","embeddable":true,"href":"https:\/\/www.aezuff.org\/extranet\/wp-json\/wp\/v2\/categories?post=15654"},{"taxonomy":"post_tag","embeddable":true,"href":"https:\/\/www.aezuff.org\/extranet\/wp-json\/wp\/v2\/tags?post=15654"}],"curies":[{"name":"wp","href":"https:\/\/api.w.org\/{rel}","templated":true}]}}