{"id":15660,"date":"2026-03-06T13:05:54","date_gmt":"2026-03-06T13:05:54","guid":{"rendered":"https:\/\/www.aezuff.org\/extranet\/?p=15660"},"modified":"2026-03-06T13:05:54","modified_gmt":"2026-03-06T13:05:54","slug":"15-o-concurso-de-danca-jbarros-2025-2026","status":"publish","type":"post","link":"https:\/\/www.aezuff.org\/extranet\/15-o-concurso-de-danca-jbarros-2025-2026\/","title":{"rendered":"15.\u00ba Concurso de Dan\u00e7a JBarros 2025\/2026"},"content":{"rendered":"\n<p>Gostas de dan\u00e7ar? Ent\u00e3o este concurso \u00e9 para ti!<\/p>\n\n\n\n<p>O AEZUFF \u2013 Escola B\u00e1sica Jo\u00e3o de Barros est\u00e1 a organizar o&nbsp;<strong>15.\u00ba Concurso de Dan\u00e7a JBarros &#8211; on-line<\/strong>, destinado a alunos do&nbsp;<strong>1.\u00ba, 2.\u00ba e 3.\u00ba ciclos<\/strong>. Podes participar com&nbsp;<strong>coreografias individuais ou coletivas<\/strong>&nbsp;e mostrar o teu talento na dan\u00e7a!<\/p>\n\n\n\n<p><strong>Datas importantes:<\/strong><\/p>\n\n\n\n<p>\u00b7&nbsp;&nbsp;&nbsp;&nbsp;&nbsp;&nbsp;&nbsp;<strong>Inscri\u00e7\u00f5es at\u00e9:<\/strong>&nbsp;17 de abril<\/p>\n\n\n\n<p>\u00b7&nbsp;&nbsp;&nbsp;&nbsp;&nbsp;&nbsp;&nbsp;<strong>Envio dos v\u00eddeos at\u00e9:<\/strong>&nbsp;29 de abril<\/p>\n\n\n\n<p>\u00b7&nbsp;&nbsp;&nbsp;&nbsp;&nbsp;&nbsp;&nbsp;<strong>Resultados:<\/strong>&nbsp;11 de maio<\/p>\n\n\n\n<p>Os v\u00eddeos devem ser enviados para:<br \/><strong><a href=\"mailto:gabrielacoronel@aezuff.org\" target=\"_blank\" rel=\"noreferrer noopener\">gabrielacoronel@aezuff.org<\/a><\/strong><\/p>\n\n\n\n<p><img decoding=\"async\" alt=\"\u2139\ufe0f\" src=\"https:\/\/fonts.gstatic.com\/s\/e\/notoemoji\/17.0\/2139_fe0f\/72.png\"\/>&nbsp;Para mais informa\u00e7\u00f5es consulta:<br \/><strong><a href=\"http:\/\/www.aezuff.org\/\" target=\"_blank\" rel=\"noreferrer noopener\">www.aezuff.org<\/a><\/strong>N\u00e3o percas esta oportunidade de partilhar a tua criatividade, talento e paix\u00e3o pela dan\u00e7a. Participa!&nbsp;<img decoding=\"async\" alt=\"\u2728\" src=\"https:\/\/fonts.gstatic.com\/s\/e\/notoemoji\/17.0\/2728\/72.png\"\/><\/p>\n\n\n\n<p><strong>Nota importante:<\/strong><\/p>\n\n\n\n<p>Em anexo est\u00e3o os documentos importantes para a participa\u00e7\u00e3o no concurso: Cartaz,\u00a0<strong><a href=\"http:\/\/www.aezuff.org\/extranet\/http:\/\/www.aezuff.org\/extranet\/wp-content\/uploads\/2012\/10\/\/2026\/03\/Regulamento_15.o-Concurso-Danca-JBarros_25_26.pdf\">Regulamen<\/a>to<\/strong>,\u00a0<strong><a href=\"http:\/\/www.aezuff.org\/extranet\/http:\/\/www.aezuff.org\/extranet\/wp-content\/uploads\/2012\/10\/\/2026\/03\/Ficha-de-Inscricao_15.o-Concurso-de-Danca-JBarros_25_26.pdf\">Ficha de <\/a>Inscri\u00e7\u00e3o<\/strong>\u00a0e a\u00a0<strong><a href=\"http:\/\/www.aezuff.org\/extranet\/http:\/\/www.aezuff.org\/extranet\/wp-content\/uploads\/2012\/10\/\/2026\/03\/Autorizacao_15.o-Concurso-de-Danca-JBarros_25_26.pdf\">Autoriza\u00e7<\/a>\u00e3o<\/strong>\u00a0para a participa\u00e7\u00e3o no concurso.<\/p>\n\n\n\n<figure class=\"wp-block-image size-full\"><img decoding=\"async\" loading=\"lazy\" width=\"623\" height=\"850\" src=\"https:\/\/www.aezuff.org\/extranet\/http:\/\/www.aezuff.org\/extranet\/wp-content\/uploads\/2012\/10\/\/2026\/03\/Cartaz-15.o-Concurso-de-Danca.jpg\" alt=\"\" class=\"wp-image-15664\" srcset=\"https:\/\/www.aezuff.org\/extranet\/http:\/\/www.aezuff.org\/extranet\/wp-content\/uploads\/2012\/10\/2026\/03\/Cartaz-15.o-Concurso-de-Danca.jpg 623w, https:\/\/www.aezuff.org\/extranet\/http:\/\/www.aezuff.org\/extranet\/wp-content\/uploads\/2012\/10\/2026\/03\/Cartaz-15.o-Concurso-de-Danca-220x300.jpg 220w\" sizes=\"(max-width: 623px) 100vw, 623px\" \/><\/figure>\n<span class=\"synved-social-container synved-social-container-follow\"><a class=\"synved-social-button synved-social-button-follow synved-social-size-24 synved-social-resolution-single synved-social-provider-facebook nolightbox\" data-provider=\"facebook\" target=\"_blank\" rel=\"nofollow\" title=\"Siga-nos no Facebook\" href=\"https:\/\/www.facebook.com\/pages\/Agrupamento-de-Escolas-da-Zona-Urbana-da-Figueira-da-Foz\/112980278714783\" style=\"font-size: 0px; width:24px;height:24px;margin:0;margin-bottom:5px;margin-right:5px;\"><img alt=\"Facebook\" title=\"Siga-nos no Facebook\" class=\"synved-share-image synved-social-image synved-social-image-follow\" width=\"24\" height=\"24\" style=\"display: inline; width:24px;height:24px; margin: 0; padding: 0; border: none; box-shadow: none;\" src=\"https:\/\/www.aezuff.org\/extranet\/wp-content\/plugins\/social-media-feather\/synved-social\/addons\/extra-icons\/image\/social\/flag\/48x48\/facebook.png\" \/><\/a><a class=\"synved-social-button synved-social-button-follow synved-social-size-24 synved-social-resolution-single synved-social-provider-twitter nolightbox\" data-provider=\"twitter\" target=\"_blank\" rel=\"nofollow\" title=\"Siga-nos no Twitter\" href=\"https:\/\/twitter.com\/aezuff\" style=\"font-size: 0px; width:24px;height:24px;margin:0;margin-bottom:5px;margin-right:5px;\"><img alt=\"twitter\" title=\"Siga-nos no Twitter\" class=\"synved-share-image synved-social-image synved-social-image-follow\" width=\"24\" height=\"24\" style=\"display: inline; width:24px;height:24px; margin: 0; padding: 0; border: none; box-shadow: none;\" src=\"https:\/\/www.aezuff.org\/extranet\/wp-content\/plugins\/social-media-feather\/synved-social\/addons\/extra-icons\/image\/social\/flag\/48x48\/twitter.png\" \/><\/a><a class=\"synved-social-button synved-social-button-follow synved-social-size-24 synved-social-resolution-single synved-social-provider-youtube nolightbox\" data-provider=\"youtube\" target=\"_blank\" rel=\"nofollow\" title=\"Subscreva-nos no YouTube\" href=\"http:\/\/www.youtube.com\/user\/actividadeseb23jb\" style=\"font-size: 0px; width:24px;height:24px;margin:0;margin-bottom:5px;\"><img alt=\"youtube\" title=\"Subscreva-nos no YouTube\" class=\"synved-share-image synved-social-image synved-social-image-follow\" width=\"24\" height=\"24\" style=\"display: inline; width:24px;height:24px; margin: 0; padding: 0; border: none; box-shadow: none;\" src=\"https:\/\/www.aezuff.org\/extranet\/wp-content\/plugins\/social-media-feather\/synved-social\/addons\/extra-icons\/image\/social\/flag\/48x48\/youtube.png\" \/><\/a><a class=\"synved-social-credit\" target=\"_blank\" rel=\"nofollow\" title=\"WordPress Social Media Feather\" href=\"http:\/\/synved.com\/wordpress-social-media-feather\/\" style=\"color:#444; text-decoration:none; font-size:8px; margin-left:5px;vertical-align:10px;white-space:nowrap;\"><span>by <\/span><img style=\"display: inline;margin:0;padding:0;width:16px;height:16px;\" width=\"16\" height=\"16\" alt=\"feather\" src=\"https:\/\/www.aezuff.org\/extranet\/wp-content\/plugins\/social-media-feather\/synved-social\/image\/icon.png\" \/><\/a><\/span>","protected":false},"excerpt":{"rendered":"<p>Gostas de dan\u00e7ar? Ent\u00e3o este concurso \u00e9 para ti! O AEZUFF \u2013 Escola B\u00e1sica Jo\u00e3o de Barros est\u00e1 a organizar o&nbsp;15.\u00ba Concurso de Dan\u00e7a JBarros &#8211; on-line, destinado a alunos do&nbsp;1.\u00ba, 2.\u00ba e 3.\u00ba&#46;&#46;&#46;<\/p>\n","protected":false},"author":1,"featured_media":15664,"comment_status":"closed","ping_status":"open","sticky":false,"template":"","format":"standard","meta":{"footnotes":""},"categories":[1],"tags":[],"_links":{"self":[{"href":"https:\/\/www.aezuff.org\/extranet\/wp-json\/wp\/v2\/posts\/15660"}],"collection":[{"href":"https:\/\/www.aezuff.org\/extranet\/wp-json\/wp\/v2\/posts"}],"about":[{"href":"https:\/\/www.aezuff.org\/extranet\/wp-json\/wp\/v2\/types\/post"}],"author":[{"embeddable":true,"href":"https:\/\/www.aezuff.org\/extranet\/wp-json\/wp\/v2\/users\/1"}],"replies":[{"embeddable":true,"href":"https:\/\/www.aezuff.org\/extranet\/wp-json\/wp\/v2\/comments?post=15660"}],"version-history":[{"count":1,"href":"https:\/\/www.aezuff.org\/extranet\/wp-json\/wp\/v2\/posts\/15660\/revisions"}],"predecessor-version":[{"id":15665,"href":"https:\/\/www.aezuff.org\/extranet\/wp-json\/wp\/v2\/posts\/15660\/revisions\/15665"}],"wp:featuredmedia":[{"embeddable":true,"href":"https:\/\/www.aezuff.org\/extranet\/wp-json\/wp\/v2\/media\/15664"}],"wp:attachment":[{"href":"https:\/\/www.aezuff.org\/extranet\/wp-json\/wp\/v2\/media?parent=15660"}],"wp:term":[{"taxonomy":"category","embeddable":true,"href":"https:\/\/www.aezuff.org\/extranet\/wp-json\/wp\/v2\/categories?post=15660"},{"taxonomy":"post_tag","embeddable":true,"href":"https:\/\/www.aezuff.org\/extranet\/wp-json\/wp\/v2\/tags?post=15660"}],"curies":[{"name":"wp","href":"https:\/\/api.w.org\/{rel}","templated":true}]}}