{"id":15697,"date":"2026-03-19T19:34:36","date_gmt":"2026-03-19T19:34:36","guid":{"rendered":"https:\/\/www.aezuff.org\/extranet\/?p=15697"},"modified":"2026-03-19T19:34:37","modified_gmt":"2026-03-19T19:34:37","slug":"entre-dribles-e-cestos-marcados-6-o-ano-deu-espetaculo-no-3x3","status":"publish","type":"post","link":"https:\/\/www.aezuff.org\/extranet\/entre-dribles-e-cestos-marcados-6-o-ano-deu-espetaculo-no-3x3\/","title":{"rendered":"Entre dribles e cestos marcados, 6.\u00ba ano deu espet\u00e1culo no 3&#215;3!\u00a0\u00a0"},"content":{"rendered":"\n<p>O entusiasmo, a competitividade saud\u00e1vel e o esp\u00edrito de equipa marcaram o Torneio de Basquetebol 3&#215;3 do 6.\u00ba ano, uma iniciativa que envolveu cerca de uma centena de alunos, entre jogadores\/as, \u00e1rbitros\/as e oficiais de mesa, realizado no dia 18 de mar\u00e7o na Escola Dr. Jo\u00e3o de Barros.<\/p>\n\n\n\n<p>No torneio masculino, a competi\u00e7\u00e3o arrancou com quatro grupos de tr\u00eas equipas, num formato \u201ctodos contra todos\u201d, garantindo a cada turma v\u00e1rias oportunidades de jogo e de consolida\u00e7\u00e3o das suas aprendizagens. Apenas os vencedores de cada grupo seguiram para as meias-finais, elevando o n\u00edvel competitivo e a exig\u00eancia entre equipas.<\/p>\n\n\n\n<p>As meias-finais proporcionaram encontros equilibrados e intensos: o 6.\u00ba5 (vencedor do grupo D) defrontou o 6.\u00ba3 (grupo B), enquanto o 6.\u00ba10 (grupo A) mediu for\u00e7as com o 6.\u00ba13 (grupo C). Os jogos revelaram n\u00e3o s\u00f3 qualidade t\u00e9cnica, mas tamb\u00e9m organiza\u00e7\u00e3o coletiva e capacidade de supera\u00e7\u00e3o.<\/p>\n\n\n\n<p>Na fase decisiva, o 6.\u00ba10 confirmou a sua consist\u00eancia ao longo de todo o torneio e conquistou o 1.\u00ba lugar, numa final disputada com grande entrega. O 6.\u00ba3 garantiu o 2.\u00ba lugar, enquanto o 6.\u00ba13 assegurou o 3.\u00ba posto ap\u00f3s vencer o jogo de atribui\u00e7\u00e3o do p\u00f3dio&nbsp;.<\/p>\n\n\n\n<p>J\u00e1 no torneio feminino, jogado em grupo \u00fanico com quatro equipas em sistema de duas voltas, a consist\u00eancia e o trabalho coletivo levaram o 6.\u00ba8 \u00e0 vit\u00f3ria final, com o 6.\u00ba7 e o 6.\u00ba11 a garantirem o 2.\u00ba e 3.\u00ba lugares, respetivamente&nbsp;.<\/p>\n\n\n\n<p>Para al\u00e9m dos resultados, este torneio assumiu-se como um espa\u00e7o privilegiado de aprendizagem. A pr\u00e1tica do Basquetebol em contexto competitivo permitiu aos alunos desenvolver compet\u00eancias motoras espec\u00edficas da modalidade, ao mesmo tempo que refor\u00e7aram o trabalho em equipa, a coopera\u00e7\u00e3o e a comunica\u00e7\u00e3o em jogo.<\/p>\n\n\n\n<p>Igualmente relevante foi a promo\u00e7\u00e3o do respeito pelas regras e pelo outro, num ambiente pautado pelo fair play. A participa\u00e7\u00e3o ativa, seja como atleta, \u00e1rbitro ou elemento da organiza\u00e7\u00e3o, contribuiu ainda para o fortalecimento de valores de cidadania, autonomia e responsabilidade, essenciais no percurso educativo dos alunos.<\/p>\n\n\n\n<p>Mais do que uma competi\u00e7\u00e3o, este torneio foi um verdadeiro exerc\u00edcio de forma\u00e7\u00e3o integral, onde o desporto se afirmou como uma ferramenta educativa de excel\u00eancia.<\/p>\n\n\n\n<figure class=\"wp-block-image size-large\"><img decoding=\"async\" loading=\"lazy\" width=\"1024\" height=\"443\" src=\"https:\/\/www.aezuff.org\/extranet\/http:\/\/www.aezuff.org\/extranet\/wp-content\/uploads\/2012\/10\/\/2026\/03\/20260318_155119-1024x443.jpg\" alt=\"\" class=\"wp-image-15698\" srcset=\"https:\/\/www.aezuff.org\/extranet\/http:\/\/www.aezuff.org\/extranet\/wp-content\/uploads\/2012\/10\/2026\/03\/20260318_155119-1024x443.jpg 1024w, https:\/\/www.aezuff.org\/extranet\/http:\/\/www.aezuff.org\/extranet\/wp-content\/uploads\/2012\/10\/2026\/03\/20260318_155119-300x130.jpg 300w, https:\/\/www.aezuff.org\/extranet\/http:\/\/www.aezuff.org\/extranet\/wp-content\/uploads\/2012\/10\/2026\/03\/20260318_155119-768x332.jpg 768w, https:\/\/www.aezuff.org\/extranet\/http:\/\/www.aezuff.org\/extranet\/wp-content\/uploads\/2012\/10\/2026\/03\/20260318_155119-1536x664.jpg 1536w, https:\/\/www.aezuff.org\/extranet\/http:\/\/www.aezuff.org\/extranet\/wp-content\/uploads\/2012\/10\/2026\/03\/20260318_155119-2048x886.jpg 2048w\" sizes=\"(max-width: 1024px) 100vw, 1024px\" \/><\/figure>\n<span class=\"synved-social-container synved-social-container-follow\"><a class=\"synved-social-button synved-social-button-follow synved-social-size-24 synved-social-resolution-single synved-social-provider-facebook nolightbox\" data-provider=\"facebook\" target=\"_blank\" rel=\"nofollow\" title=\"Siga-nos no Facebook\" href=\"https:\/\/www.facebook.com\/pages\/Agrupamento-de-Escolas-da-Zona-Urbana-da-Figueira-da-Foz\/112980278714783\" style=\"font-size: 0px; width:24px;height:24px;margin:0;margin-bottom:5px;margin-right:5px;\"><img alt=\"Facebook\" title=\"Siga-nos no Facebook\" class=\"synved-share-image synved-social-image synved-social-image-follow\" width=\"24\" height=\"24\" style=\"display: inline; width:24px;height:24px; margin: 0; padding: 0; border: none; box-shadow: none;\" src=\"https:\/\/www.aezuff.org\/extranet\/wp-content\/plugins\/social-media-feather\/synved-social\/addons\/extra-icons\/image\/social\/flag\/48x48\/facebook.png\" \/><\/a><a class=\"synved-social-button synved-social-button-follow synved-social-size-24 synved-social-resolution-single synved-social-provider-twitter nolightbox\" data-provider=\"twitter\" target=\"_blank\" rel=\"nofollow\" title=\"Siga-nos no Twitter\" href=\"https:\/\/twitter.com\/aezuff\" style=\"font-size: 0px; width:24px;height:24px;margin:0;margin-bottom:5px;margin-right:5px;\"><img alt=\"twitter\" title=\"Siga-nos no Twitter\" class=\"synved-share-image synved-social-image synved-social-image-follow\" width=\"24\" height=\"24\" style=\"display: inline; width:24px;height:24px; margin: 0; padding: 0; border: none; box-shadow: none;\" src=\"https:\/\/www.aezuff.org\/extranet\/wp-content\/plugins\/social-media-feather\/synved-social\/addons\/extra-icons\/image\/social\/flag\/48x48\/twitter.png\" \/><\/a><a class=\"synved-social-button synved-social-button-follow synved-social-size-24 synved-social-resolution-single synved-social-provider-youtube nolightbox\" data-provider=\"youtube\" target=\"_blank\" rel=\"nofollow\" title=\"Subscreva-nos no YouTube\" href=\"http:\/\/www.youtube.com\/user\/actividadeseb23jb\" style=\"font-size: 0px; width:24px;height:24px;margin:0;margin-bottom:5px;\"><img alt=\"youtube\" title=\"Subscreva-nos no YouTube\" class=\"synved-share-image synved-social-image synved-social-image-follow\" width=\"24\" height=\"24\" style=\"display: inline; width:24px;height:24px; margin: 0; padding: 0; border: none; box-shadow: none;\" src=\"https:\/\/www.aezuff.org\/extranet\/wp-content\/plugins\/social-media-feather\/synved-social\/addons\/extra-icons\/image\/social\/flag\/48x48\/youtube.png\" \/><\/a><a class=\"synved-social-credit\" target=\"_blank\" rel=\"nofollow\" title=\"WordPress Social Media Feather\" href=\"http:\/\/synved.com\/wordpress-social-media-feather\/\" style=\"color:#444; text-decoration:none; font-size:8px; margin-left:5px;vertical-align:10px;white-space:nowrap;\"><span>by <\/span><img style=\"display: inline;margin:0;padding:0;width:16px;height:16px;\" width=\"16\" height=\"16\" alt=\"feather\" src=\"https:\/\/www.aezuff.org\/extranet\/wp-content\/plugins\/social-media-feather\/synved-social\/image\/icon.png\" \/><\/a><\/span>","protected":false},"excerpt":{"rendered":"<p>O entusiasmo, a competitividade saud\u00e1vel e o esp\u00edrito de equipa marcaram o Torneio de Basquetebol 3&#215;3 do 6.\u00ba ano, uma iniciativa que envolveu cerca de uma centena de alunos, entre jogadores\/as, \u00e1rbitros\/as e oficiais&#46;&#46;&#46;<\/p>\n","protected":false},"author":1,"featured_media":15698,"comment_status":"closed","ping_status":"open","sticky":false,"template":"","format":"standard","meta":{"footnotes":""},"categories":[1],"tags":[],"_links":{"self":[{"href":"https:\/\/www.aezuff.org\/extranet\/wp-json\/wp\/v2\/posts\/15697"}],"collection":[{"href":"https:\/\/www.aezuff.org\/extranet\/wp-json\/wp\/v2\/posts"}],"about":[{"href":"https:\/\/www.aezuff.org\/extranet\/wp-json\/wp\/v2\/types\/post"}],"author":[{"embeddable":true,"href":"https:\/\/www.aezuff.org\/extranet\/wp-json\/wp\/v2\/users\/1"}],"replies":[{"embeddable":true,"href":"https:\/\/www.aezuff.org\/extranet\/wp-json\/wp\/v2\/comments?post=15697"}],"version-history":[{"count":1,"href":"https:\/\/www.aezuff.org\/extranet\/wp-json\/wp\/v2\/posts\/15697\/revisions"}],"predecessor-version":[{"id":15699,"href":"https:\/\/www.aezuff.org\/extranet\/wp-json\/wp\/v2\/posts\/15697\/revisions\/15699"}],"wp:featuredmedia":[{"embeddable":true,"href":"https:\/\/www.aezuff.org\/extranet\/wp-json\/wp\/v2\/media\/15698"}],"wp:attachment":[{"href":"https:\/\/www.aezuff.org\/extranet\/wp-json\/wp\/v2\/media?parent=15697"}],"wp:term":[{"taxonomy":"category","embeddable":true,"href":"https:\/\/www.aezuff.org\/extranet\/wp-json\/wp\/v2\/categories?post=15697"},{"taxonomy":"post_tag","embeddable":true,"href":"https:\/\/www.aezuff.org\/extranet\/wp-json\/wp\/v2\/tags?post=15697"}],"curies":[{"name":"wp","href":"https:\/\/api.w.org\/{rel}","templated":true}]}}