{"id":15716,"date":"2026-03-29T12:25:39","date_gmt":"2026-03-29T12:25:39","guid":{"rendered":"https:\/\/www.aezuff.org\/extranet\/?p=15716"},"modified":"2026-03-29T12:25:39","modified_gmt":"2026-03-29T12:25:39","slug":"torneio-de-voleibol-4x4-3-o-ciclo-dia-aberto-aezuff","status":"publish","type":"post","link":"https:\/\/www.aezuff.org\/extranet\/torneio-de-voleibol-4x4-3-o-ciclo-dia-aberto-aezuff\/","title":{"rendered":"Torneio de Voleibol (4&#215;4) \u2013 3.\u00ba Ciclo \u2013 Dia Aberto AEZUFF"},"content":{"rendered":"\n<p>Realizou-se no dia 27 de mar\u00e7o, entre as 9h00 e o 12h30,&nbsp;integrado no \u201cDia Aberto\u201d do AEZUFF, o Torneio de Voleibol (4&#215;4) do 3.\u00ba ciclo. Este torneio tem sido uma iniciativa de grande sucesso devido \u00e0 forte ades\u00e3o por parte dos alunos e alunas dos 7.\u00ba, 8\u00b0 e 9.\u00ba anos, contando com cerca de 100 discentes a praticar esta modalidade.&nbsp;<\/p>\n\n\n\n<p>Durante a manh\u00e3 realizaram-se cerca de 40 jogos de Voleibol onde os intervenientes deram uma verdadeira li\u00e7\u00e3o de&nbsp;fair-play, esp\u00edrito de equipa e respeito por colegas e advers\u00e1rios.<\/p>\n\n\n\n<p>As classifica\u00e7\u00f5es foram as seguintes, por anos de escolaridade:<\/p>\n\n\n\n<p><strong>Escal\u00e3o Feminino:<\/strong><\/p>\n\n\n\n<p>7.\u00ba Ano: 1.\u00ba &#8211; 7.\u00baD1; 2.\u00ba- 7.\u00baD2 e 3.\u00ba- 7.\u00ba A<\/p>\n\n\n\n<p>8.\u00ba Ano: 1.\u00ba- 8.\u00baC\/8.\u00baD e 2.\u00ba- 8.\u00baD<\/p>\n\n\n\n<p>9.\u00ba Ano: 1.\u00ba- 9.\u00baB; 2.\u00ba- 9.\u00baA e 3.\u00ba- 9.\u00baD<\/p>\n\n\n\n<p><strong>Escal\u00e3o Masculino:<\/strong><\/p>\n\n\n\n<p>7.\u00ba Ano: 1.\u00ba &#8211; 7.\u00baD; 2.\u00ba- 7.\u00baB e 3.\u00ba- 7.\u00baC<\/p>\n\n\n\n<p>8.\u00ba Ano: 1.\u00ba- 8.\u00baC e 2.\u00ba- 8.\u00baB<\/p>\n\n\n\n<p>9.\u00ba Ano: 1.\u00ba- 9.\u00baB; 2.\u00ba- 9.\u00baA e 3.\u00ba- 9.\u00baD<\/p>\n\n\n\n<p>As classifica\u00e7\u00f5es finais entre os, 7.\u00ba, 8.\u00ba e 9.\u00ba anos, foram as seguintes:<\/p>\n\n\n\n<p><strong>Escal\u00e3o Feminino:<\/strong> 1.\u00ba &#8211; 9.\u00baB; 2.\u00ba- 7.\u00baD1 e 3.\u00ba- 8.\u00baC\/8.\u00baD<\/p>\n\n\n\n<p><strong>Escal\u00e3o Masculino:<\/strong> 1.\u00ba &#8211; 9.\u00baB; 2.\u00ba- 7.\u00baD e 3.\u00ba- 8.\u00baC<\/p>\n\n\n\n<p>Na opini\u00e3o do Grupo de Educa\u00e7\u00e3o F\u00edsica do Agrupamento, estas atividades&nbsp;&nbsp;s\u00e3o sempre extremamente enriquecedoras e constituem&nbsp;um excelente \u201cestimulante\u201d para o desenvolvimento do gosto pela pr\u00e1tica desportiva por parte da comunidade escolar.&nbsp;<\/p>\n\n\n\n<figure class=\"wp-block-image size-large\"><img decoding=\"async\" loading=\"lazy\" width=\"1024\" height=\"768\" src=\"https:\/\/www.aezuff.org\/extranet\/http:\/\/www.aezuff.org\/extranet\/wp-content\/uploads\/2012\/10\/\/2026\/03\/Foto-4x4-3.o-Ciclo-20260327_092240-1024x768.jpg\" alt=\"\" class=\"wp-image-15717\" srcset=\"https:\/\/www.aezuff.org\/extranet\/http:\/\/www.aezuff.org\/extranet\/wp-content\/uploads\/2012\/10\/2026\/03\/Foto-4x4-3.o-Ciclo-20260327_092240-1024x768.jpg 1024w, https:\/\/www.aezuff.org\/extranet\/http:\/\/www.aezuff.org\/extranet\/wp-content\/uploads\/2012\/10\/2026\/03\/Foto-4x4-3.o-Ciclo-20260327_092240-300x225.jpg 300w, https:\/\/www.aezuff.org\/extranet\/http:\/\/www.aezuff.org\/extranet\/wp-content\/uploads\/2012\/10\/2026\/03\/Foto-4x4-3.o-Ciclo-20260327_092240-768x576.jpg 768w, https:\/\/www.aezuff.org\/extranet\/http:\/\/www.aezuff.org\/extranet\/wp-content\/uploads\/2012\/10\/2026\/03\/Foto-4x4-3.o-Ciclo-20260327_092240-1536x1152.jpg 1536w, https:\/\/www.aezuff.org\/extranet\/http:\/\/www.aezuff.org\/extranet\/wp-content\/uploads\/2012\/10\/2026\/03\/Foto-4x4-3.o-Ciclo-20260327_092240-2048x1536.jpg 2048w\" sizes=\"(max-width: 1024px) 100vw, 1024px\" \/><\/figure>\n<span class=\"synved-social-container synved-social-container-follow\"><a class=\"synved-social-button synved-social-button-follow synved-social-size-24 synved-social-resolution-single synved-social-provider-facebook nolightbox\" data-provider=\"facebook\" target=\"_blank\" rel=\"nofollow\" title=\"Siga-nos no Facebook\" href=\"https:\/\/www.facebook.com\/pages\/Agrupamento-de-Escolas-da-Zona-Urbana-da-Figueira-da-Foz\/112980278714783\" style=\"font-size: 0px; width:24px;height:24px;margin:0;margin-bottom:5px;margin-right:5px;\"><img alt=\"Facebook\" title=\"Siga-nos no Facebook\" class=\"synved-share-image synved-social-image synved-social-image-follow\" width=\"24\" height=\"24\" style=\"display: inline; width:24px;height:24px; margin: 0; padding: 0; border: none; box-shadow: none;\" src=\"https:\/\/www.aezuff.org\/extranet\/wp-content\/plugins\/social-media-feather\/synved-social\/addons\/extra-icons\/image\/social\/flag\/48x48\/facebook.png\" \/><\/a><a class=\"synved-social-button synved-social-button-follow synved-social-size-24 synved-social-resolution-single synved-social-provider-twitter nolightbox\" data-provider=\"twitter\" target=\"_blank\" rel=\"nofollow\" title=\"Siga-nos no Twitter\" href=\"https:\/\/twitter.com\/aezuff\" style=\"font-size: 0px; width:24px;height:24px;margin:0;margin-bottom:5px;margin-right:5px;\"><img alt=\"twitter\" title=\"Siga-nos no Twitter\" class=\"synved-share-image synved-social-image synved-social-image-follow\" width=\"24\" height=\"24\" style=\"display: inline; width:24px;height:24px; margin: 0; padding: 0; border: none; box-shadow: none;\" src=\"https:\/\/www.aezuff.org\/extranet\/wp-content\/plugins\/social-media-feather\/synved-social\/addons\/extra-icons\/image\/social\/flag\/48x48\/twitter.png\" \/><\/a><a class=\"synved-social-button synved-social-button-follow synved-social-size-24 synved-social-resolution-single synved-social-provider-youtube nolightbox\" data-provider=\"youtube\" target=\"_blank\" rel=\"nofollow\" title=\"Subscreva-nos no YouTube\" href=\"http:\/\/www.youtube.com\/user\/actividadeseb23jb\" style=\"font-size: 0px; width:24px;height:24px;margin:0;margin-bottom:5px;\"><img alt=\"youtube\" title=\"Subscreva-nos no YouTube\" class=\"synved-share-image synved-social-image synved-social-image-follow\" width=\"24\" height=\"24\" style=\"display: inline; width:24px;height:24px; margin: 0; padding: 0; border: none; box-shadow: none;\" src=\"https:\/\/www.aezuff.org\/extranet\/wp-content\/plugins\/social-media-feather\/synved-social\/addons\/extra-icons\/image\/social\/flag\/48x48\/youtube.png\" \/><\/a><a class=\"synved-social-credit\" target=\"_blank\" rel=\"nofollow\" title=\"WordPress Social Media Feather\" href=\"http:\/\/synved.com\/wordpress-social-media-feather\/\" style=\"color:#444; text-decoration:none; font-size:8px; margin-left:5px;vertical-align:10px;white-space:nowrap;\"><span>by <\/span><img style=\"display: inline;margin:0;padding:0;width:16px;height:16px;\" width=\"16\" height=\"16\" alt=\"feather\" src=\"https:\/\/www.aezuff.org\/extranet\/wp-content\/plugins\/social-media-feather\/synved-social\/image\/icon.png\" \/><\/a><\/span>","protected":false},"excerpt":{"rendered":"<p>Realizou-se no dia 27 de mar\u00e7o, entre as 9h00 e o 12h30,&nbsp;integrado no \u201cDia Aberto\u201d do AEZUFF, o Torneio de Voleibol (4&#215;4) do 3.\u00ba ciclo. Este torneio tem sido uma iniciativa de grande sucesso&#46;&#46;&#46;<\/p>\n","protected":false},"author":1,"featured_media":15717,"comment_status":"closed","ping_status":"open","sticky":false,"template":"","format":"standard","meta":{"footnotes":""},"categories":[1],"tags":[],"_links":{"self":[{"href":"https:\/\/www.aezuff.org\/extranet\/wp-json\/wp\/v2\/posts\/15716"}],"collection":[{"href":"https:\/\/www.aezuff.org\/extranet\/wp-json\/wp\/v2\/posts"}],"about":[{"href":"https:\/\/www.aezuff.org\/extranet\/wp-json\/wp\/v2\/types\/post"}],"author":[{"embeddable":true,"href":"https:\/\/www.aezuff.org\/extranet\/wp-json\/wp\/v2\/users\/1"}],"replies":[{"embeddable":true,"href":"https:\/\/www.aezuff.org\/extranet\/wp-json\/wp\/v2\/comments?post=15716"}],"version-history":[{"count":1,"href":"https:\/\/www.aezuff.org\/extranet\/wp-json\/wp\/v2\/posts\/15716\/revisions"}],"predecessor-version":[{"id":15718,"href":"https:\/\/www.aezuff.org\/extranet\/wp-json\/wp\/v2\/posts\/15716\/revisions\/15718"}],"wp:featuredmedia":[{"embeddable":true,"href":"https:\/\/www.aezuff.org\/extranet\/wp-json\/wp\/v2\/media\/15717"}],"wp:attachment":[{"href":"https:\/\/www.aezuff.org\/extranet\/wp-json\/wp\/v2\/media?parent=15716"}],"wp:term":[{"taxonomy":"category","embeddable":true,"href":"https:\/\/www.aezuff.org\/extranet\/wp-json\/wp\/v2\/categories?post=15716"},{"taxonomy":"post_tag","embeddable":true,"href":"https:\/\/www.aezuff.org\/extranet\/wp-json\/wp\/v2\/tags?post=15716"}],"curies":[{"name":"wp","href":"https:\/\/api.w.org\/{rel}","templated":true}]}}