{"id":2060,"date":"2013-11-20T16:40:30","date_gmt":"2013-11-20T16:40:30","guid":{"rendered":"http:\/\/www.aezuff.org\/extranet\/?p=2060"},"modified":"2013-11-20T16:42:10","modified_gmt":"2013-11-20T16:42:10","slug":"premios-de-merito-relativos-ao-ano-20122013","status":"publish","type":"post","link":"https:\/\/www.aezuff.org\/extranet\/premios-de-merito-relativos-ao-ano-20122013\/","title":{"rendered":"Pr\u00e9mios de M\u00e9rito relativos ao ano 2012\/2013"},"content":{"rendered":"<h4 style=\"text-align: justify;\"><span style=\"color: #333333;\">O Agrupamento de Escolas da Zona Urbana da Figueira da Foz vai entregar os Pr\u00e9mios de M\u00e9rito relativos ao ano 2012\/2013, numa Sess\u00e3o Solene que vai ter lugar no pr\u00f3ximo dia\u00a0<b>27 de novembro de 2013<\/b>, quarta-feira,\u00a0<b>\u00e0s 18h<\/b>, no\u00a0<b>Grande Audit\u00f3rio do Centro de Artes e Espet\u00e1culos<\/b>.<\/span><\/h4>\n<h4 style=\"text-align: justify;\"><span style=\"color: #333333;\">Ser\u00e3o distinguidos os melhores Alunos nos \u00e2mbitos Art\u00edstico, Desportivo e Acad\u00e9mico.<\/span><\/h4>\n<h4 style=\"text-align: justify;\"><span style=\"color: #333333;\">A Sess\u00e3o Solene contar\u00e1 com a participa\u00e7\u00e3o especial:<\/span><\/h4>\n<p><span style=\"color: #333333;\"><img decoding=\"async\" loading=\"lazy\" class=\"alignleft  wp-image-2061\" alt=\"quadro de m\u00e9rito_convite\" src=\"http:\/\/www.aezuff.org\/extranet\/wp-content\/uploads\/2012\/10\/\/2013\/11\/quadro-de-m\u00e9rito_convite.jpg\" width=\"257\" height=\"191\" srcset=\"https:\/\/www.aezuff.org\/extranet\/http:\/\/www.aezuff.org\/extranet\/wp-content\/uploads\/2012\/10\/2013\/11\/quadro-de-m\u00e9rito_convite.jpg 1189w, https:\/\/www.aezuff.org\/extranet\/http:\/\/www.aezuff.org\/extranet\/wp-content\/uploads\/2012\/10\/2013\/11\/quadro-de-m\u00e9rito_convite-300x223.jpg 300w, https:\/\/www.aezuff.org\/extranet\/http:\/\/www.aezuff.org\/extranet\/wp-content\/uploads\/2012\/10\/2013\/11\/quadro-de-m\u00e9rito_convite-1024x763.jpg 1024w\" sizes=\"(max-width: 257px) 100vw, 257px\" \/><\/span><\/p>\n<h4 style=\"text-align: justify;\"><span style=\"color: #333333;\">&#8211; do Clube de Teatro do Centro Escolar;<\/span><\/h4>\n<h4 style=\"text-align: justify;\"><span style=\"color: #333333;\">&#8211; das Pequenas Vozes da Figueira;<\/span><\/h4>\n<h4 style=\"text-align: justify;\"><span style=\"color: #333333;\">&#8211; da Professora Clara Ribeirete.\u00a0<\/span><\/h4>\n<h4 style=\"text-align: justify;\"><span style=\"color: #333333;\">Contaremos, ainda, com a presen\u00e7a do Vereador da Educa\u00e7\u00e3o da CMFF, Dr. Ant\u00f3nio Tavares e do Presidente da Entidade Regional de Turismo do Centro, Dr. Pedro Machado.<\/span><\/h4>\n<h4 style=\"text-align: justify;\"><\/h4>\n<p>&nbsp;<\/p>\n<h4 style=\"text-align: justify;\"><span style=\"color: #333333;\">A\u00a0<b>entrada<\/b>\u00a0no Grande Audit\u00f3rio \u00e9\u00a0<b>livre<\/b>\u00a0e ser\u00e1 para n\u00f3s uma grande honra contar com a vossa presen\u00e7a.<\/span><\/h4>\n<h4 style=\"text-align: justify;\"><span style=\"color: #333333;\">Com os nossos melhores cumprimentos,<\/span><\/h4>\n<h4 style=\"text-align: justify;\"><span style=\"color: #333333;\">Dire\u00e7\u00e3o do AEZUFF<\/span><\/h4>\n<span class=\"synved-social-container synved-social-container-follow\"><a class=\"synved-social-button synved-social-button-follow synved-social-size-24 synved-social-resolution-single synved-social-provider-facebook nolightbox\" data-provider=\"facebook\" target=\"_blank\" rel=\"nofollow\" title=\"Siga-nos no Facebook\" href=\"https:\/\/www.facebook.com\/pages\/Agrupamento-de-Escolas-da-Zona-Urbana-da-Figueira-da-Foz\/112980278714783\" style=\"font-size: 0px; width:24px;height:24px;margin:0;margin-bottom:5px;margin-right:5px;\"><img alt=\"Facebook\" title=\"Siga-nos no Facebook\" class=\"synved-share-image synved-social-image synved-social-image-follow\" width=\"24\" height=\"24\" style=\"display: inline; width:24px;height:24px; margin: 0; padding: 0; border: none; box-shadow: none;\" src=\"https:\/\/www.aezuff.org\/extranet\/wp-content\/plugins\/social-media-feather\/synved-social\/addons\/extra-icons\/image\/social\/flag\/48x48\/facebook.png\" \/><\/a><a class=\"synved-social-button synved-social-button-follow synved-social-size-24 synved-social-resolution-single synved-social-provider-twitter nolightbox\" data-provider=\"twitter\" target=\"_blank\" rel=\"nofollow\" title=\"Siga-nos no Twitter\" href=\"https:\/\/twitter.com\/aezuff\" style=\"font-size: 0px; width:24px;height:24px;margin:0;margin-bottom:5px;margin-right:5px;\"><img alt=\"twitter\" title=\"Siga-nos no Twitter\" class=\"synved-share-image synved-social-image synved-social-image-follow\" width=\"24\" height=\"24\" style=\"display: inline; width:24px;height:24px; margin: 0; padding: 0; border: none; box-shadow: none;\" src=\"https:\/\/www.aezuff.org\/extranet\/wp-content\/plugins\/social-media-feather\/synved-social\/addons\/extra-icons\/image\/social\/flag\/48x48\/twitter.png\" \/><\/a><a class=\"synved-social-button synved-social-button-follow synved-social-size-24 synved-social-resolution-single synved-social-provider-youtube nolightbox\" data-provider=\"youtube\" target=\"_blank\" rel=\"nofollow\" title=\"Subscreva-nos no YouTube\" href=\"http:\/\/www.youtube.com\/user\/actividadeseb23jb\" style=\"font-size: 0px; width:24px;height:24px;margin:0;margin-bottom:5px;\"><img alt=\"youtube\" title=\"Subscreva-nos no YouTube\" class=\"synved-share-image synved-social-image synved-social-image-follow\" width=\"24\" height=\"24\" style=\"display: inline; width:24px;height:24px; margin: 0; padding: 0; border: none; box-shadow: none;\" src=\"https:\/\/www.aezuff.org\/extranet\/wp-content\/plugins\/social-media-feather\/synved-social\/addons\/extra-icons\/image\/social\/flag\/48x48\/youtube.png\" \/><\/a><a class=\"synved-social-credit\" target=\"_blank\" rel=\"nofollow\" title=\"WordPress Social Media Feather\" href=\"http:\/\/synved.com\/wordpress-social-media-feather\/\" style=\"color:#444; text-decoration:none; font-size:8px; margin-left:5px;vertical-align:10px;white-space:nowrap;\"><span>by <\/span><img style=\"display: inline;margin:0;padding:0;width:16px;height:16px;\" width=\"16\" height=\"16\" alt=\"feather\" src=\"https:\/\/www.aezuff.org\/extranet\/wp-content\/plugins\/social-media-feather\/synved-social\/image\/icon.png\" \/><\/a><\/span>","protected":false},"excerpt":{"rendered":"<p>O Agrupamento de Escolas da Zona Urbana da Figueira da Foz vai entregar os Pr\u00e9mios de M\u00e9rito relativos ao ano 2012\/2013, numa Sess\u00e3o Solene que vai ter lugar no pr\u00f3ximo dia\u00a027 de novembro de&#46;&#46;&#46;<\/p>\n","protected":false},"author":1,"featured_media":2061,"comment_status":"closed","ping_status":"open","sticky":false,"template":"","format":"standard","meta":{"footnotes":""},"categories":[1],"tags":[],"_links":{"self":[{"href":"https:\/\/www.aezuff.org\/extranet\/wp-json\/wp\/v2\/posts\/2060"}],"collection":[{"href":"https:\/\/www.aezuff.org\/extranet\/wp-json\/wp\/v2\/posts"}],"about":[{"href":"https:\/\/www.aezuff.org\/extranet\/wp-json\/wp\/v2\/types\/post"}],"author":[{"embeddable":true,"href":"https:\/\/www.aezuff.org\/extranet\/wp-json\/wp\/v2\/users\/1"}],"replies":[{"embeddable":true,"href":"https:\/\/www.aezuff.org\/extranet\/wp-json\/wp\/v2\/comments?post=2060"}],"version-history":[{"count":3,"href":"https:\/\/www.aezuff.org\/extranet\/wp-json\/wp\/v2\/posts\/2060\/revisions"}],"predecessor-version":[{"id":2064,"href":"https:\/\/www.aezuff.org\/extranet\/wp-json\/wp\/v2\/posts\/2060\/revisions\/2064"}],"wp:featuredmedia":[{"embeddable":true,"href":"https:\/\/www.aezuff.org\/extranet\/wp-json\/wp\/v2\/media\/2061"}],"wp:attachment":[{"href":"https:\/\/www.aezuff.org\/extranet\/wp-json\/wp\/v2\/media?parent=2060"}],"wp:term":[{"taxonomy":"category","embeddable":true,"href":"https:\/\/www.aezuff.org\/extranet\/wp-json\/wp\/v2\/categories?post=2060"},{"taxonomy":"post_tag","embeddable":true,"href":"https:\/\/www.aezuff.org\/extranet\/wp-json\/wp\/v2\/tags?post=2060"}],"curies":[{"name":"wp","href":"https:\/\/api.w.org\/{rel}","templated":true}]}}