{"id":2169,"date":"2013-12-09T11:37:29","date_gmt":"2013-12-09T11:37:29","guid":{"rendered":"http:\/\/www.aezuff.org\/extranet\/?p=2169"},"modified":"2013-12-09T11:42:45","modified_gmt":"2013-12-09T11:42:45","slug":"corta-mato-fase-de-escola","status":"publish","type":"post","link":"https:\/\/www.aezuff.org\/extranet\/corta-mato-fase-de-escola\/","title":{"rendered":"CORTA-MATO \u2013 Fase DE ESCOLA"},"content":{"rendered":"<h3 style=\"text-align: justify;\"><span style=\"color: #808080;\">\u00a0<\/span><\/h3>\n<h3 style=\"text-align: justify;\"><span style=\"color: #808080;\"><a href=\"http:\/\/www.aezuff.org\/extranet\/wp-content\/uploads\/2012\/10\/\/2013\/12\/IMG_5597.jpg\"><img decoding=\"async\" loading=\"lazy\" class=\"alignleft  wp-image-2170\" alt=\"IMG_5597\" src=\"http:\/\/www.aezuff.org\/extranet\/wp-content\/uploads\/2012\/10\/\/2013\/12\/IMG_5597.jpg\" width=\"249\" height=\"186\" srcset=\"https:\/\/www.aezuff.org\/extranet\/http:\/\/www.aezuff.org\/extranet\/wp-content\/uploads\/2012\/10\/2013\/12\/IMG_5597.jpg 4000w, https:\/\/www.aezuff.org\/extranet\/http:\/\/www.aezuff.org\/extranet\/wp-content\/uploads\/2012\/10\/2013\/12\/IMG_5597-300x225.jpg 300w, https:\/\/www.aezuff.org\/extranet\/http:\/\/www.aezuff.org\/extranet\/wp-content\/uploads\/2012\/10\/2013\/12\/IMG_5597-1024x768.jpg 1024w\" sizes=\"(max-width: 249px) 100vw, 249px\" \/><\/a><\/span><\/h3>\n<h3 style=\"text-align: justify;\"><span style=\"color: #808080;\">Mais uma vez o Grupo de Educa\u00e7\u00e3o F\u00edsica, da Escola EB 2\u00ba, 3\u00ba Ciclos Dr. Jo\u00e3o de Barros, dinamizou o seu Corta-Mato \u2013 fase escola, no parque das Abadias no dia 6 de dezembro, com a presen\u00e7a de quatrocentos alunos a correr, muitos colaboradores e muitos familiares que aplaudiram, de forma bastante entusiasta, a presta\u00e7\u00e3o dos participantes. As condi\u00e7\u00f5es climat\u00e9ricas foram muito favor\u00e1veis. Esta prova foi tamb\u00e9m extensiva ao Agrupamento, tendo participado v\u00e1rias escolas do 1\u00ba Ciclo \u2013 Abadias, Viso, Centro Escolar e Rui Martins.<\/span><\/h3>\n<h3 style=\"text-align: justify;\"><\/h3>\n<h4 style=\"text-align: justify;\"><span style=\"color: #888888;\">Passam a referir-se os tr\u00eas primeiros classificados de cada escal\u00e3o:<\/span><\/h4>\n<ul>\n<li style=\"text-align: justify;\">\n<h4><span style=\"color: #888888;\">Infantil A Fem: 1\u00ba- Gabriela Nogueira (5\u00ba13); 2\u00ba- Rita Paz (5\u00ba8) ;\u00a03\u00ba- N\u00faria Mendes (5\u00ba8). <\/span><\/h4>\n<\/li>\n<li style=\"text-align: justify;\">\n<h4><span style=\"color: #888888;\">Infantil A Masc: 1\u00ba\u2013 Pedro Lopes (5\u00ba8); 2\u00ba \u2013 Francisco Lopes ( 4\u00baD Centro Escolar);\u00a03\u00ba \u2013 Henrique Sousa (5\u00ba10). <\/span><\/h4>\n<\/li>\n<li style=\"text-align: justify;\">\n<h4><span style=\"color: #888888;\">Infantil B Fem: 1\u00ba- Ana Rute Benedito (6\u00ba10); 2\u00ba- Constan\u00e7a Costa (6\u00ba13);\u00a03\u00ba- In\u00eas Marques (6\u00ba3). <\/span><\/h4>\n<\/li>\n<li style=\"text-align: justify;\">\n<h4><span style=\"color: #888888;\">Infantil B Masc: 1\u00ba\u2013 Pedro Santos (7\u00baA); 2\u00ba- Gon\u00e7alo Gon\u00e7alves (7\u00baC);\u00a03\u00ba- Gon\u00e7alo Ramos (6\u00ba8). <\/span><\/h4>\n<\/li>\n<li style=\"text-align: justify;\">\n<h4><span style=\"color: #888888;\">Iniciado Fem: 1\u00ba- Iara Boliqueime (8\u00baA); 2\u00ba- Carina Monteiro (8\u00baC); 3\u00ba- Filipa Rodrigues (8\u00baD). <\/span><\/h4>\n<\/li>\n<li style=\"text-align: justify;\">\n<h4><span style=\"color: #888888;\">Iniciado Masc: 1\u00ba\u2013 Carlos Ver\u00edssimo (9\u00baC); 2\u00ba- Ricardo Santana (9\u00baB);\u00a03\u00ba- Jo\u00e3o Soares (9\u00baD). <\/span><\/h4>\n<\/li>\n<li style=\"text-align: justify;\">\n<h4><span style=\"color: #888888;\">Juvenil Fem: 1\u00ba- Ana Mort\u00e1gua (8\u00baC);\u00a02\u00ba- Paola Vieira (8\u00aaC). <\/span><\/h4>\n<\/li>\n<li>\n<h4 style=\"text-align: justify;\"><span style=\"color: #888888;\">Juvenil Masc: 1\u00ba- Daniel Alves (9\u00baB); 2\u00ba- Luis Lopes (9\u00baC);\u00a03\u00ba &#8211; Jo\u00e3o Machado (9\u00baC).<\/span><\/h4>\n<\/li>\n<\/ul>\n<blockquote>\n<h4 style=\"text-align: justify;\"><span style=\"color: #808080;\">Esta prova teve ainda como objetivo selecionar os seis primeiros alunos que representar\u00e3o a sua escola nas fases, Concelhia e Distrital.<\/span><\/h4>\n<\/blockquote>\n<span class=\"synved-social-container synved-social-container-follow\"><a class=\"synved-social-button synved-social-button-follow synved-social-size-24 synved-social-resolution-single synved-social-provider-facebook nolightbox\" data-provider=\"facebook\" target=\"_blank\" rel=\"nofollow\" title=\"Siga-nos no Facebook\" href=\"https:\/\/www.facebook.com\/pages\/Agrupamento-de-Escolas-da-Zona-Urbana-da-Figueira-da-Foz\/112980278714783\" style=\"font-size: 0px; width:24px;height:24px;margin:0;margin-bottom:5px;margin-right:5px;\"><img alt=\"Facebook\" title=\"Siga-nos no Facebook\" class=\"synved-share-image synved-social-image synved-social-image-follow\" width=\"24\" height=\"24\" style=\"display: inline; width:24px;height:24px; margin: 0; padding: 0; border: none; box-shadow: none;\" src=\"https:\/\/www.aezuff.org\/extranet\/wp-content\/plugins\/social-media-feather\/synved-social\/addons\/extra-icons\/image\/social\/flag\/48x48\/facebook.png\" \/><\/a><a class=\"synved-social-button synved-social-button-follow synved-social-size-24 synved-social-resolution-single synved-social-provider-twitter nolightbox\" data-provider=\"twitter\" target=\"_blank\" rel=\"nofollow\" title=\"Siga-nos no Twitter\" href=\"https:\/\/twitter.com\/aezuff\" style=\"font-size: 0px; width:24px;height:24px;margin:0;margin-bottom:5px;margin-right:5px;\"><img alt=\"twitter\" title=\"Siga-nos no Twitter\" class=\"synved-share-image synved-social-image synved-social-image-follow\" width=\"24\" height=\"24\" style=\"display: inline; width:24px;height:24px; margin: 0; padding: 0; border: none; box-shadow: none;\" src=\"https:\/\/www.aezuff.org\/extranet\/wp-content\/plugins\/social-media-feather\/synved-social\/addons\/extra-icons\/image\/social\/flag\/48x48\/twitter.png\" \/><\/a><a class=\"synved-social-button synved-social-button-follow synved-social-size-24 synved-social-resolution-single synved-social-provider-youtube nolightbox\" data-provider=\"youtube\" target=\"_blank\" rel=\"nofollow\" title=\"Subscreva-nos no YouTube\" href=\"http:\/\/www.youtube.com\/user\/actividadeseb23jb\" style=\"font-size: 0px; width:24px;height:24px;margin:0;margin-bottom:5px;\"><img alt=\"youtube\" title=\"Subscreva-nos no YouTube\" class=\"synved-share-image synved-social-image synved-social-image-follow\" width=\"24\" height=\"24\" style=\"display: inline; width:24px;height:24px; margin: 0; padding: 0; border: none; box-shadow: none;\" src=\"https:\/\/www.aezuff.org\/extranet\/wp-content\/plugins\/social-media-feather\/synved-social\/addons\/extra-icons\/image\/social\/flag\/48x48\/youtube.png\" \/><\/a><a class=\"synved-social-credit\" target=\"_blank\" rel=\"nofollow\" title=\"WordPress Social Media Feather\" href=\"http:\/\/synved.com\/wordpress-social-media-feather\/\" style=\"color:#444; text-decoration:none; font-size:8px; margin-left:5px;vertical-align:10px;white-space:nowrap;\"><span>by <\/span><img style=\"display: inline;margin:0;padding:0;width:16px;height:16px;\" width=\"16\" height=\"16\" alt=\"feather\" src=\"https:\/\/www.aezuff.org\/extranet\/wp-content\/plugins\/social-media-feather\/synved-social\/image\/icon.png\" \/><\/a><\/span>","protected":false},"excerpt":{"rendered":"<p>\u00a0 Mais uma vez o Grupo de Educa\u00e7\u00e3o F\u00edsica, da Escola EB 2\u00ba, 3\u00ba Ciclos Dr. Jo\u00e3o de Barros, dinamizou o seu Corta-Mato \u2013 fase escola, no parque das Abadias no dia 6 de&#46;&#46;&#46;<\/p>\n","protected":false},"author":1,"featured_media":2170,"comment_status":"closed","ping_status":"open","sticky":false,"template":"","format":"standard","meta":{"footnotes":""},"categories":[1],"tags":[],"_links":{"self":[{"href":"https:\/\/www.aezuff.org\/extranet\/wp-json\/wp\/v2\/posts\/2169"}],"collection":[{"href":"https:\/\/www.aezuff.org\/extranet\/wp-json\/wp\/v2\/posts"}],"about":[{"href":"https:\/\/www.aezuff.org\/extranet\/wp-json\/wp\/v2\/types\/post"}],"author":[{"embeddable":true,"href":"https:\/\/www.aezuff.org\/extranet\/wp-json\/wp\/v2\/users\/1"}],"replies":[{"embeddable":true,"href":"https:\/\/www.aezuff.org\/extranet\/wp-json\/wp\/v2\/comments?post=2169"}],"version-history":[{"count":6,"href":"https:\/\/www.aezuff.org\/extranet\/wp-json\/wp\/v2\/posts\/2169\/revisions"}],"predecessor-version":[{"id":2176,"href":"https:\/\/www.aezuff.org\/extranet\/wp-json\/wp\/v2\/posts\/2169\/revisions\/2176"}],"wp:featuredmedia":[{"embeddable":true,"href":"https:\/\/www.aezuff.org\/extranet\/wp-json\/wp\/v2\/media\/2170"}],"wp:attachment":[{"href":"https:\/\/www.aezuff.org\/extranet\/wp-json\/wp\/v2\/media?parent=2169"}],"wp:term":[{"taxonomy":"category","embeddable":true,"href":"https:\/\/www.aezuff.org\/extranet\/wp-json\/wp\/v2\/categories?post=2169"},{"taxonomy":"post_tag","embeddable":true,"href":"https:\/\/www.aezuff.org\/extranet\/wp-json\/wp\/v2\/tags?post=2169"}],"curies":[{"name":"wp","href":"https:\/\/api.w.org\/{rel}","templated":true}]}}