{"id":2622,"date":"2014-05-08T11:46:01","date_gmt":"2014-05-08T11:46:01","guid":{"rendered":"http:\/\/www.aezuff.org\/extranet\/?p=2622"},"modified":"2014-05-15T12:45:52","modified_gmt":"2014-05-15T12:45:52","slug":"competicoes-nacionais-de-ciencia-da-ua","status":"publish","type":"post","link":"https:\/\/www.aezuff.org\/extranet\/competicoes-nacionais-de-ciencia-da-ua\/","title":{"rendered":"Competi\u00e7\u00f5es Nacionais de Ci\u00eancia da UA"},"content":{"rendered":"<p style=\"text-align: justify;\"><a href=\"http:\/\/www.aezuff.org\/extranet\/wp-content\/uploads\/2012\/10\/\/2014\/05\/comp1.jpg\"><img decoding=\"async\" loading=\"lazy\" class=\"alignleft wp-image-2625 size-thumbnail\" src=\"http:\/\/www.aezuff.org\/extranet\/wp-content\/uploads\/2012\/10\/\/2014\/05\/comp1-150x150.jpg\" alt=\"SAMSUNG\" width=\"150\" height=\"150\" \/><\/a><br \/>\nA Escola Dr Jo\u00e3o de Barros alcan\u00e7ou lugar de destaque nas Competi\u00e7\u00f5es Nacionais de Ci\u00eancia da Universidade de Aveiro, com duas equipas a serem premiadas com os 2\u00ba e 3\u00ba lugares da competi\u00e7\u00e3o \u201cDiz+\u201d, envolvendo as \u00e1reas de Matem\u00e1tica, Ci\u00eancias Naturais e Portugu\u00eas.<\/p>\n<p style=\"text-align: justify;\">Estiveram presentes os 20 alunos que, ao longo do ano letivo, participaram nas atividades dos\u00a0 Clubes\u00a0 de Matem\u00e1tica e Portugu\u00eas, tendo competido com 774 equipas de 64 escolas.<\/p>\n<p style=\"text-align: justify;\">O 2\u00ba lugar foi atribu\u00eddo \u00e0 equipa dos alunos Xiang Guo e Gon\u00e7alo Ramos, o 3\u00ba \u00e0 equipa da Joana Ferreira e do Jo\u00e3o Domingues, todos do 6\u00ba 8.<img decoding=\"async\" loading=\"lazy\" class=\"alignright wp-image-2626 size-medium\" src=\"http:\/\/www.aezuff.org\/extranet\/wp-content\/uploads\/2012\/10\/\/2014\/05\/comp2-300x224.jpg\" alt=\"SAMSUNG\" width=\"300\" height=\"224\" srcset=\"https:\/\/www.aezuff.org\/extranet\/http:\/\/www.aezuff.org\/extranet\/wp-content\/uploads\/2012\/10\/2014\/05\/comp2-300x224.jpg 300w, https:\/\/www.aezuff.org\/extranet\/http:\/\/www.aezuff.org\/extranet\/wp-content\/uploads\/2012\/10\/2014\/05\/comp2.jpg 448w\" sizes=\"(max-width: 300px) 100vw, 300px\" \/><\/p>\n<span class=\"synved-social-container synved-social-container-follow\"><a class=\"synved-social-button synved-social-button-follow synved-social-size-24 synved-social-resolution-single synved-social-provider-facebook nolightbox\" data-provider=\"facebook\" target=\"_blank\" rel=\"nofollow\" title=\"Siga-nos no Facebook\" href=\"https:\/\/www.facebook.com\/pages\/Agrupamento-de-Escolas-da-Zona-Urbana-da-Figueira-da-Foz\/112980278714783\" style=\"font-size: 0px; width:24px;height:24px;margin:0;margin-bottom:5px;margin-right:5px;\"><img alt=\"Facebook\" title=\"Siga-nos no Facebook\" class=\"synved-share-image synved-social-image synved-social-image-follow\" width=\"24\" height=\"24\" style=\"display: inline; width:24px;height:24px; margin: 0; padding: 0; border: none; box-shadow: none;\" src=\"https:\/\/www.aezuff.org\/extranet\/wp-content\/plugins\/social-media-feather\/synved-social\/addons\/extra-icons\/image\/social\/flag\/48x48\/facebook.png\" \/><\/a><a class=\"synved-social-button synved-social-button-follow synved-social-size-24 synved-social-resolution-single synved-social-provider-twitter nolightbox\" data-provider=\"twitter\" target=\"_blank\" rel=\"nofollow\" title=\"Siga-nos no Twitter\" href=\"https:\/\/twitter.com\/aezuff\" style=\"font-size: 0px; width:24px;height:24px;margin:0;margin-bottom:5px;margin-right:5px;\"><img alt=\"twitter\" title=\"Siga-nos no Twitter\" class=\"synved-share-image synved-social-image synved-social-image-follow\" width=\"24\" height=\"24\" style=\"display: inline; width:24px;height:24px; margin: 0; padding: 0; border: none; box-shadow: none;\" src=\"https:\/\/www.aezuff.org\/extranet\/wp-content\/plugins\/social-media-feather\/synved-social\/addons\/extra-icons\/image\/social\/flag\/48x48\/twitter.png\" \/><\/a><a class=\"synved-social-button synved-social-button-follow synved-social-size-24 synved-social-resolution-single synved-social-provider-youtube nolightbox\" data-provider=\"youtube\" target=\"_blank\" rel=\"nofollow\" title=\"Subscreva-nos no YouTube\" href=\"http:\/\/www.youtube.com\/user\/actividadeseb23jb\" style=\"font-size: 0px; width:24px;height:24px;margin:0;margin-bottom:5px;\"><img alt=\"youtube\" title=\"Subscreva-nos no YouTube\" class=\"synved-share-image synved-social-image synved-social-image-follow\" width=\"24\" height=\"24\" style=\"display: inline; width:24px;height:24px; margin: 0; padding: 0; border: none; box-shadow: none;\" src=\"https:\/\/www.aezuff.org\/extranet\/wp-content\/plugins\/social-media-feather\/synved-social\/addons\/extra-icons\/image\/social\/flag\/48x48\/youtube.png\" \/><\/a><a class=\"synved-social-credit\" target=\"_blank\" rel=\"nofollow\" title=\"WordPress Social Media Feather\" href=\"http:\/\/synved.com\/wordpress-social-media-feather\/\" style=\"color:#444; text-decoration:none; font-size:8px; margin-left:5px;vertical-align:10px;white-space:nowrap;\"><span>by <\/span><img style=\"display: inline;margin:0;padding:0;width:16px;height:16px;\" width=\"16\" height=\"16\" alt=\"feather\" src=\"https:\/\/www.aezuff.org\/extranet\/wp-content\/plugins\/social-media-feather\/synved-social\/image\/icon.png\" \/><\/a><\/span>","protected":false},"excerpt":{"rendered":"<p>A Escola Dr Jo\u00e3o de Barros alcan\u00e7ou lugar de destaque nas Competi\u00e7\u00f5es Nacionais de Ci\u00eancia da Universidade de Aveiro, com duas equipas a serem premiadas com os 2\u00ba e 3\u00ba lugares da competi\u00e7\u00e3o \u201cDiz+\u201d,&#46;&#46;&#46;<\/p>\n","protected":false},"author":1,"featured_media":2623,"comment_status":"closed","ping_status":"open","sticky":false,"template":"","format":"standard","meta":{"footnotes":""},"categories":[1],"tags":[],"_links":{"self":[{"href":"https:\/\/www.aezuff.org\/extranet\/wp-json\/wp\/v2\/posts\/2622"}],"collection":[{"href":"https:\/\/www.aezuff.org\/extranet\/wp-json\/wp\/v2\/posts"}],"about":[{"href":"https:\/\/www.aezuff.org\/extranet\/wp-json\/wp\/v2\/types\/post"}],"author":[{"embeddable":true,"href":"https:\/\/www.aezuff.org\/extranet\/wp-json\/wp\/v2\/users\/1"}],"replies":[{"embeddable":true,"href":"https:\/\/www.aezuff.org\/extranet\/wp-json\/wp\/v2\/comments?post=2622"}],"version-history":[{"count":1,"href":"https:\/\/www.aezuff.org\/extranet\/wp-json\/wp\/v2\/posts\/2622\/revisions"}],"predecessor-version":[{"id":2627,"href":"https:\/\/www.aezuff.org\/extranet\/wp-json\/wp\/v2\/posts\/2622\/revisions\/2627"}],"wp:featuredmedia":[{"embeddable":true,"href":"https:\/\/www.aezuff.org\/extranet\/wp-json\/wp\/v2\/media\/2623"}],"wp:attachment":[{"href":"https:\/\/www.aezuff.org\/extranet\/wp-json\/wp\/v2\/media?parent=2622"}],"wp:term":[{"taxonomy":"category","embeddable":true,"href":"https:\/\/www.aezuff.org\/extranet\/wp-json\/wp\/v2\/categories?post=2622"},{"taxonomy":"post_tag","embeddable":true,"href":"https:\/\/www.aezuff.org\/extranet\/wp-json\/wp\/v2\/tags?post=2622"}],"curies":[{"name":"wp","href":"https:\/\/api.w.org\/{rel}","templated":true}]}}