{"id":2716,"date":"2014-07-15T22:36:51","date_gmt":"2014-07-15T22:36:51","guid":{"rendered":"http:\/\/www.aezuff.org\/extranet\/?p=2716"},"modified":"2014-07-15T22:54:18","modified_gmt":"2014-07-15T22:54:18","slug":"salicornia-que-segredos-1o-premio-da-fundacao-ilidio-pinho","status":"publish","type":"post","link":"https:\/\/www.aezuff.org\/extranet\/salicornia-que-segredos-1o-premio-da-fundacao-ilidio-pinho\/","title":{"rendered":"&#8220;SALIC\u00d3RNIA, QUE SEGREDOS?!&#8221; 1\u00ba Pr\u00e9mio da Funda\u00e7\u00e3o Il\u00eddio Pinho"},"content":{"rendered":"<address style=\"text-align: justify;\"><strong><a title=\"11\u00aa Edi\u00e7\u00e3o do Pr\u00e9mio Funda\u00e7\u00e3o Il\u00eddio Pinho \u201cCi\u00eancia na Escola\u201d\" href=\"http:\/\/www.fundacaoip.pt\/pt\/news\/noticias\/75\/\" target=\"_blank\"><img decoding=\"async\" loading=\"lazy\" class=\"alignleft wp-image-2717 \" src=\"http:\/\/www.aezuff.org\/extranet\/wp-content\/uploads\/2012\/10\/\/2014\/07\/Fundacao-IP-300x268.jpg\" alt=\"Fundacao IP\" width=\"275\" height=\"231\" \/><\/a><\/strong><\/address>\n<address style=\"text-align: justify;\"><span style=\"color: #003366;\"><strong>O Projeto &#8220;SALIC\u00d3RNIA! QUE SEGREDOS?!&#8221;, desenvolvido\u00a0pelo\u00a0Jardim de Inf\u00e2ncia da EB da Gala, foi distinguido com o 1\u00ba Pr\u00e9mio da Funda\u00e7\u00e3o Il\u00eddio Pinho, no 1\u00ba escal\u00e3o, a n\u00edvel nacional.<\/strong><\/span><\/address>\n<address style=\"text-align: justify;\"><span style=\"color: #003366;\"><strong>Este projeto visou dar a conhecer a Salic\u00f3rnia.\u00a0Com este projeto foram exploradas as potencialidades da planta e\u00a0inovaram-se\u00a0produtos ben\u00e9ficos para a sa\u00fade<\/strong><strong>, nomeadamente o p\u00e3o com salic\u00f3rnia, produzido por uma padaria local. Este produto foi analisado pelos laborat\u00f3rios da ARSC (Administra\u00e7\u00e3o Regional de Sa\u00fade do Centro),\u00a0<\/strong><strong>cujo os resultados foram surpreendentes. A redu\u00e7\u00e3o do teor de sal foi bastante evidente e \u00a0por conseguinte se traduziu em benef\u00edcio para a sa\u00fade p\u00fablica.<\/strong><\/span><\/address>\n<address style=\"text-align: justify;\"><span style=\"color: #003366;\"><strong>No \u00e2mbito da filosofia dos projetos &#8220;Ci\u00eancia na Escola&#8221;, da Funda\u00e7\u00e3o Il\u00eddio Pinho, o\u00a0projeto \u201cSalic\u00f3rnia\u2026Que Segredos?!\u201d nasceu da necessidade de valorizar os recursos naturais locais, despertando o interesse das crian\u00e7as em conhecer e explorar a riqueza das salinas localizadas na ilha da Morraceira,\u00a0<\/strong><strong>meio envolvente do Jardim de Inf\u00e2ncia da EB da Gala. <\/strong><\/span><\/address>\n<address style=\"text-align: justify;\"><span style=\"color: #003366;\"><strong>O projeto ambicionou reativar o interesse pelas salinas locais dando a conhecer, para al\u00e9m do sal, a biodiversidade existente neste ecossistema e ainda descobrir e apresentar solu\u00e7\u00f5es inovadoras\/empreendedoras a partir da planta salic\u00f3rnia.<\/strong><\/span><\/address>\n<blockquote>\n<h6 style=\"text-align: justify;\"><span style=\"color: #003366;\"><strong>As parcerias estabelecidas com a\u00a0<\/strong><strong>comunidade local, nomeadamente a Padaria\/Pastelaria S. Pedro, o Restaurante Nova Gala e a Farm\u00e1cia da Gala foram fundamentais para o sucesso do projeto.\u00a0<\/strong><strong>A C\u00e2mara Municipal da Figueira da Foz tamb\u00e9m possibilitou o desenvolvimento do projeto, cedendo o transporte para a sa\u00edda de campo \u00e0s salinas, assim como disponibilizou os recursos humanos para a visita pedag\u00f3gica ao N\u00facleo Museol\u00f3gico do Sal.\u00a0<\/strong><strong>A artista pl\u00e1stica, Tesha, residente no concelho da Figueira da Foz participou neste projeto, valorizando-o artisticamente. Sendo a imagem reproduzida nas t\u00b4shirts das crian\u00e7as.\u00a0<\/strong><strong>O Departamento de Matem\u00e1tica e Ci\u00eancias Experimentais do AEZUFF\u00a0que desenvolveu as atividades no \u00e2mbito das ci\u00eancias, visando o estudo do mundo das plantas, as suas partes constituintes, reprodu\u00e7\u00e3o e desenvolvimento, com incid\u00eancia para a planta de g\u00e9nero salic\u00f3rnia pertencente \u00e0 esp\u00e9cie <em>S. Ramosissima.\u00a0<\/em><\/strong><strong>O\u00a0professor de m\u00fasica, das Atividades de Enriquecimento Curricular da EB da Gala colaborou e criou a m\u00fasica do hino do projeto: &#8220;Viva a Salic\u00f3rnia!&#8221; <\/strong><strong>O envolvimento dos pais\/encarregados de educa\u00e7\u00e3o foi\u00a0relevante, nas\u00a0diversas atividades desenvolvidas em contexto escolar e na comunidade, pelas educadoras.<\/strong><\/span><\/h6>\n<\/blockquote>\n<address style=\"text-align: justify;\"><span style=\"color: #003366;\"><strong>Todos juntos fizemos deste projeto um sucesso, que viu o seu reconhecimento e m\u00e9rito, na atribui\u00e7\u00e3o do <span style=\"text-decoration: underline;\"><em>1\u00ba Pr\u00e9mio da 11\u00aa edi\u00e7\u00e3o do Pr\u00e9mio Funda\u00e7\u00e3o Il\u00eddio Pinho!<\/em><\/span><\/strong><\/span><\/address>\n<span class=\"synved-social-container synved-social-container-follow\"><a class=\"synved-social-button synved-social-button-follow synved-social-size-24 synved-social-resolution-single synved-social-provider-facebook nolightbox\" data-provider=\"facebook\" target=\"_blank\" rel=\"nofollow\" title=\"Siga-nos no Facebook\" href=\"https:\/\/www.facebook.com\/pages\/Agrupamento-de-Escolas-da-Zona-Urbana-da-Figueira-da-Foz\/112980278714783\" style=\"font-size: 0px; width:24px;height:24px;margin:0;margin-bottom:5px;margin-right:5px;\"><img alt=\"Facebook\" title=\"Siga-nos no Facebook\" class=\"synved-share-image synved-social-image synved-social-image-follow\" width=\"24\" height=\"24\" style=\"display: inline; width:24px;height:24px; margin: 0; padding: 0; border: none; box-shadow: none;\" src=\"https:\/\/www.aezuff.org\/extranet\/wp-content\/plugins\/social-media-feather\/synved-social\/addons\/extra-icons\/image\/social\/flag\/48x48\/facebook.png\" \/><\/a><a class=\"synved-social-button synved-social-button-follow synved-social-size-24 synved-social-resolution-single synved-social-provider-twitter nolightbox\" data-provider=\"twitter\" target=\"_blank\" rel=\"nofollow\" title=\"Siga-nos no Twitter\" href=\"https:\/\/twitter.com\/aezuff\" style=\"font-size: 0px; width:24px;height:24px;margin:0;margin-bottom:5px;margin-right:5px;\"><img alt=\"twitter\" title=\"Siga-nos no Twitter\" class=\"synved-share-image synved-social-image synved-social-image-follow\" width=\"24\" height=\"24\" style=\"display: inline; width:24px;height:24px; margin: 0; padding: 0; border: none; box-shadow: none;\" src=\"https:\/\/www.aezuff.org\/extranet\/wp-content\/plugins\/social-media-feather\/synved-social\/addons\/extra-icons\/image\/social\/flag\/48x48\/twitter.png\" \/><\/a><a class=\"synved-social-button synved-social-button-follow synved-social-size-24 synved-social-resolution-single synved-social-provider-youtube nolightbox\" data-provider=\"youtube\" target=\"_blank\" rel=\"nofollow\" title=\"Subscreva-nos no YouTube\" href=\"http:\/\/www.youtube.com\/user\/actividadeseb23jb\" style=\"font-size: 0px; width:24px;height:24px;margin:0;margin-bottom:5px;\"><img alt=\"youtube\" title=\"Subscreva-nos no YouTube\" class=\"synved-share-image synved-social-image synved-social-image-follow\" width=\"24\" height=\"24\" style=\"display: inline; width:24px;height:24px; margin: 0; padding: 0; border: none; box-shadow: none;\" src=\"https:\/\/www.aezuff.org\/extranet\/wp-content\/plugins\/social-media-feather\/synved-social\/addons\/extra-icons\/image\/social\/flag\/48x48\/youtube.png\" \/><\/a><a class=\"synved-social-credit\" target=\"_blank\" rel=\"nofollow\" title=\"WordPress Social Media Feather\" href=\"http:\/\/synved.com\/wordpress-social-media-feather\/\" style=\"color:#444; text-decoration:none; font-size:8px; margin-left:5px;vertical-align:10px;white-space:nowrap;\"><span>by <\/span><img style=\"display: inline;margin:0;padding:0;width:16px;height:16px;\" width=\"16\" height=\"16\" alt=\"feather\" src=\"https:\/\/www.aezuff.org\/extranet\/wp-content\/plugins\/social-media-feather\/synved-social\/image\/icon.png\" \/><\/a><\/span>","protected":false},"excerpt":{"rendered":"<p>O Projeto &#8220;SALIC\u00d3RNIA! QUE SEGREDOS?!&#8221;, desenvolvido\u00a0pelo\u00a0Jardim de Inf\u00e2ncia da EB da Gala, foi distinguido com o 1\u00ba Pr\u00e9mio da Funda\u00e7\u00e3o Il\u00eddio Pinho, no 1\u00ba escal\u00e3o, a n\u00edvel nacional. Este projeto visou dar a conhecer&#46;&#46;&#46;<\/p>\n","protected":false},"author":1,"featured_media":2717,"comment_status":"closed","ping_status":"open","sticky":false,"template":"","format":"standard","meta":{"footnotes":""},"categories":[1],"tags":[],"_links":{"self":[{"href":"https:\/\/www.aezuff.org\/extranet\/wp-json\/wp\/v2\/posts\/2716"}],"collection":[{"href":"https:\/\/www.aezuff.org\/extranet\/wp-json\/wp\/v2\/posts"}],"about":[{"href":"https:\/\/www.aezuff.org\/extranet\/wp-json\/wp\/v2\/types\/post"}],"author":[{"embeddable":true,"href":"https:\/\/www.aezuff.org\/extranet\/wp-json\/wp\/v2\/users\/1"}],"replies":[{"embeddable":true,"href":"https:\/\/www.aezuff.org\/extranet\/wp-json\/wp\/v2\/comments?post=2716"}],"version-history":[{"count":14,"href":"https:\/\/www.aezuff.org\/extranet\/wp-json\/wp\/v2\/posts\/2716\/revisions"}],"predecessor-version":[{"id":2731,"href":"https:\/\/www.aezuff.org\/extranet\/wp-json\/wp\/v2\/posts\/2716\/revisions\/2731"}],"wp:featuredmedia":[{"embeddable":true,"href":"https:\/\/www.aezuff.org\/extranet\/wp-json\/wp\/v2\/media\/2717"}],"wp:attachment":[{"href":"https:\/\/www.aezuff.org\/extranet\/wp-json\/wp\/v2\/media?parent=2716"}],"wp:term":[{"taxonomy":"category","embeddable":true,"href":"https:\/\/www.aezuff.org\/extranet\/wp-json\/wp\/v2\/categories?post=2716"},{"taxonomy":"post_tag","embeddable":true,"href":"https:\/\/www.aezuff.org\/extranet\/wp-json\/wp\/v2\/tags?post=2716"}],"curies":[{"name":"wp","href":"https:\/\/api.w.org\/{rel}","templated":true}]}}