{"id":2804,"date":"2014-09-09T20:19:17","date_gmt":"2014-09-09T20:19:17","guid":{"rendered":"http:\/\/www.aezuff.org\/extranet\/?p=2804"},"modified":"2014-09-09T20:29:50","modified_gmt":"2014-09-09T20:29:50","slug":"reuniao-de-pais-eb1-de-abadias","status":"publish","type":"post","link":"https:\/\/www.aezuff.org\/extranet\/reuniao-de-pais-eb1-de-abadias\/","title":{"rendered":"Reuni\u00e3o de Pais EB1 de Abadias"},"content":{"rendered":"<h2 style=\"text-align: center;\"><span style=\"color: #000080;\"><a href=\"http:\/\/www.aezuff.org\/extranet\/wp-content\/uploads\/2012\/10\/\/2014\/09\/332reuniao-pais.jpg\"><img decoding=\"async\" loading=\"lazy\" class=\"alignright wp-image-2810\" src=\"http:\/\/www.aezuff.org\/extranet\/wp-content\/uploads\/2012\/10\/\/2014\/09\/332reuniao-pais-300x225.jpg\" alt=\"332reuniao pais\" width=\"113\" height=\"85\" srcset=\"https:\/\/www.aezuff.org\/extranet\/http:\/\/www.aezuff.org\/extranet\/wp-content\/uploads\/2012\/10\/2014\/09\/332reuniao-pais-300x225.jpg 300w, https:\/\/www.aezuff.org\/extranet\/http:\/\/www.aezuff.org\/extranet\/wp-content\/uploads\/2012\/10\/2014\/09\/332reuniao-pais.jpg 640w\" sizes=\"(max-width: 113px) 100vw, 113px\" \/><\/a><\/span><\/h2>\n<h2 style=\"text-align: center;\"><span style=\"color: #000080;\"><strong><span style=\"color: #003300;\">EB1 de\u00a0Abadias<\/span><\/strong><\/span><\/h2>\n<p>&nbsp;<\/p>\n<h5 style=\"text-align: center;\"><span style=\"color: #003300;\">Reuni\u00e3o de Pais, Encarregados de Educa\u00e7\u00e3o e alunos<\/span><\/h5>\n<p style=\"text-align: center;\"><span style=\"color: #003300;\"><span style=\"font-weight: bold;\">( 1\u00ba, 2\u00ba,3\u00ba e 4\u00ba anos)<\/span><\/span><\/p>\n<h3 style=\"text-align: center;\"><span style=\"color: #003300;\">Dia 12 de setembro de 2014\u00a0&#8211;\u00a0<em>9 horas<br \/>\n<\/em><\/span><\/h3>\n<p style=\"text-align: center;\"><span style=\"font-weight: bold; color: #003300;\">( Posteriormente ser\u00e1 calendarizada reuni\u00e3o com a coordena\u00e7\u00e3o da escola)<\/span><\/p>\n<p>&nbsp;<\/p>\n<span class=\"synved-social-container synved-social-container-follow\"><a class=\"synved-social-button synved-social-button-follow synved-social-size-24 synved-social-resolution-single synved-social-provider-facebook nolightbox\" data-provider=\"facebook\" target=\"_blank\" rel=\"nofollow\" title=\"Siga-nos no Facebook\" href=\"https:\/\/www.facebook.com\/pages\/Agrupamento-de-Escolas-da-Zona-Urbana-da-Figueira-da-Foz\/112980278714783\" style=\"font-size: 0px; width:24px;height:24px;margin:0;margin-bottom:5px;margin-right:5px;\"><img alt=\"Facebook\" title=\"Siga-nos no Facebook\" class=\"synved-share-image synved-social-image synved-social-image-follow\" width=\"24\" height=\"24\" style=\"display: inline; width:24px;height:24px; margin: 0; padding: 0; border: none; box-shadow: none;\" src=\"https:\/\/www.aezuff.org\/extranet\/wp-content\/plugins\/social-media-feather\/synved-social\/addons\/extra-icons\/image\/social\/flag\/48x48\/facebook.png\" \/><\/a><a class=\"synved-social-button synved-social-button-follow synved-social-size-24 synved-social-resolution-single synved-social-provider-twitter nolightbox\" data-provider=\"twitter\" target=\"_blank\" rel=\"nofollow\" title=\"Siga-nos no Twitter\" href=\"https:\/\/twitter.com\/aezuff\" style=\"font-size: 0px; width:24px;height:24px;margin:0;margin-bottom:5px;margin-right:5px;\"><img alt=\"twitter\" title=\"Siga-nos no Twitter\" class=\"synved-share-image synved-social-image synved-social-image-follow\" width=\"24\" height=\"24\" style=\"display: inline; width:24px;height:24px; margin: 0; padding: 0; border: none; box-shadow: none;\" src=\"https:\/\/www.aezuff.org\/extranet\/wp-content\/plugins\/social-media-feather\/synved-social\/addons\/extra-icons\/image\/social\/flag\/48x48\/twitter.png\" \/><\/a><a class=\"synved-social-button synved-social-button-follow synved-social-size-24 synved-social-resolution-single synved-social-provider-youtube nolightbox\" data-provider=\"youtube\" target=\"_blank\" rel=\"nofollow\" title=\"Subscreva-nos no YouTube\" href=\"http:\/\/www.youtube.com\/user\/actividadeseb23jb\" style=\"font-size: 0px; width:24px;height:24px;margin:0;margin-bottom:5px;\"><img alt=\"youtube\" title=\"Subscreva-nos no YouTube\" class=\"synved-share-image synved-social-image synved-social-image-follow\" width=\"24\" height=\"24\" style=\"display: inline; width:24px;height:24px; margin: 0; padding: 0; border: none; box-shadow: none;\" src=\"https:\/\/www.aezuff.org\/extranet\/wp-content\/plugins\/social-media-feather\/synved-social\/addons\/extra-icons\/image\/social\/flag\/48x48\/youtube.png\" \/><\/a><a class=\"synved-social-credit\" target=\"_blank\" rel=\"nofollow\" title=\"WordPress Social Media Feather\" href=\"http:\/\/synved.com\/wordpress-social-media-feather\/\" style=\"color:#444; text-decoration:none; font-size:8px; margin-left:5px;vertical-align:10px;white-space:nowrap;\"><span>by <\/span><img style=\"display: inline;margin:0;padding:0;width:16px;height:16px;\" width=\"16\" height=\"16\" alt=\"feather\" src=\"https:\/\/www.aezuff.org\/extranet\/wp-content\/plugins\/social-media-feather\/synved-social\/image\/icon.png\" \/><\/a><\/span>","protected":false},"excerpt":{"rendered":"<p>EB1 de\u00a0Abadias &nbsp; Reuni\u00e3o de Pais, Encarregados de Educa\u00e7\u00e3o e alunos ( 1\u00ba, 2\u00ba,3\u00ba e 4\u00ba anos) Dia 12 de setembro de 2014\u00a0&#8211;\u00a09 horas ( Posteriormente ser\u00e1 calendarizada reuni\u00e3o com a coordena\u00e7\u00e3o da escola)&#46;&#46;&#46;<\/p>\n","protected":false},"author":1,"featured_media":2805,"comment_status":"closed","ping_status":"open","sticky":false,"template":"","format":"standard","meta":{"footnotes":""},"categories":[1],"tags":[],"_links":{"self":[{"href":"https:\/\/www.aezuff.org\/extranet\/wp-json\/wp\/v2\/posts\/2804"}],"collection":[{"href":"https:\/\/www.aezuff.org\/extranet\/wp-json\/wp\/v2\/posts"}],"about":[{"href":"https:\/\/www.aezuff.org\/extranet\/wp-json\/wp\/v2\/types\/post"}],"author":[{"embeddable":true,"href":"https:\/\/www.aezuff.org\/extranet\/wp-json\/wp\/v2\/users\/1"}],"replies":[{"embeddable":true,"href":"https:\/\/www.aezuff.org\/extranet\/wp-json\/wp\/v2\/comments?post=2804"}],"version-history":[{"count":5,"href":"https:\/\/www.aezuff.org\/extranet\/wp-json\/wp\/v2\/posts\/2804\/revisions"}],"predecessor-version":[{"id":2812,"href":"https:\/\/www.aezuff.org\/extranet\/wp-json\/wp\/v2\/posts\/2804\/revisions\/2812"}],"wp:featuredmedia":[{"embeddable":true,"href":"https:\/\/www.aezuff.org\/extranet\/wp-json\/wp\/v2\/media\/2805"}],"wp:attachment":[{"href":"https:\/\/www.aezuff.org\/extranet\/wp-json\/wp\/v2\/media?parent=2804"}],"wp:term":[{"taxonomy":"category","embeddable":true,"href":"https:\/\/www.aezuff.org\/extranet\/wp-json\/wp\/v2\/categories?post=2804"},{"taxonomy":"post_tag","embeddable":true,"href":"https:\/\/www.aezuff.org\/extranet\/wp-json\/wp\/v2\/tags?post=2804"}],"curies":[{"name":"wp","href":"https:\/\/api.w.org\/{rel}","templated":true}]}}