{"id":4363,"date":"2015-03-25T17:40:42","date_gmt":"2015-03-25T17:40:42","guid":{"rendered":"http:\/\/www.aezuff.org\/extranet\/?p=4363"},"modified":"2015-03-25T17:42:09","modified_gmt":"2015-03-25T17:42:09","slug":"abrimos-asas-a-dancare-solidarios-encorajamos-voos","status":"publish","type":"post","link":"https:\/\/www.aezuff.org\/extranet\/abrimos-asas-a-dancare-solidarios-encorajamos-voos\/","title":{"rendered":"\u00abAbrimos Asas a Dan\u00e7ar\u2026e Solid\u00e1rios Encorajamos Voos\u00bb"},"content":{"rendered":"<div id=\"id_5512f2e3180050746822162\" class=\"text_exposed_root text_exposed\"><a href=\"http:\/\/www.aezuff.org\/extranet\/wp-content\/uploads\/2012\/10\/\/2015\/03\/cartaz.jpg\"><img decoding=\"async\" loading=\"lazy\" class=\"alignright wp-image-4365 size-thumbnail\" src=\"http:\/\/www.aezuff.org\/extranet\/wp-content\/uploads\/2012\/10\/\/2015\/03\/cartaz-150x150.jpg\" alt=\"cartaz\" width=\"150\" height=\"150\" srcset=\"https:\/\/www.aezuff.org\/extranet\/http:\/\/www.aezuff.org\/extranet\/wp-content\/uploads\/2012\/10\/2015\/03\/cartaz-150x150.jpg 150w, https:\/\/www.aezuff.org\/extranet\/http:\/\/www.aezuff.org\/extranet\/wp-content\/uploads\/2012\/10\/2015\/03\/cartaz-160x160.jpg 160w\" sizes=\"(max-width: 150px) 100vw, 150px\" \/><\/a>J\u00e1 se encontram dispon\u00edveis, no PBX da EB 2-3 Dr. Jo\u00e3o de Barros, os bilhetes para o espet\u00e1culo \u00abAbrimos Asas a Dan\u00e7ar&#8230;e Solid\u00e1rios Encorajamos Voos\u00bb, que ter\u00e1 lugar no dia 26 de abril de 2015, no Centro de Artes e Espet\u00e1culos.Cada bilhete (e respetivo nariz vermelho) corresponde a um donativo de 2\u20ac a reverter, na totalidade, a favor da Op<span class=\"text_exposed_hide\">&#8230;<\/span><span class=\"text_exposed_show\">era\u00e7\u00e3o Nariz Vermelho!<\/span>Poder\u00e3o, igualmente, adquirir apenas narizes vermelhos!<\/p>\n<p>N\u00e3o percam a oportunidade de se associarem a esta causa solid\u00e1ria, ao mesmo tempo a que assistem a um evento art\u00edstico de qualidade.<\/p>\n<p>Obrigada por nos ajudarem a ajudar!<\/p>\n<\/div>\n<span class=\"synved-social-container synved-social-container-follow\"><a class=\"synved-social-button synved-social-button-follow synved-social-size-24 synved-social-resolution-single synved-social-provider-facebook nolightbox\" data-provider=\"facebook\" target=\"_blank\" rel=\"nofollow\" title=\"Siga-nos no Facebook\" href=\"https:\/\/www.facebook.com\/pages\/Agrupamento-de-Escolas-da-Zona-Urbana-da-Figueira-da-Foz\/112980278714783\" style=\"font-size: 0px; width:24px;height:24px;margin:0;margin-bottom:5px;margin-right:5px;\"><img alt=\"Facebook\" title=\"Siga-nos no Facebook\" class=\"synved-share-image synved-social-image synved-social-image-follow\" width=\"24\" height=\"24\" style=\"display: inline; width:24px;height:24px; margin: 0; padding: 0; border: none; box-shadow: none;\" src=\"https:\/\/www.aezuff.org\/extranet\/wp-content\/plugins\/social-media-feather\/synved-social\/addons\/extra-icons\/image\/social\/flag\/48x48\/facebook.png\" \/><\/a><a class=\"synved-social-button synved-social-button-follow synved-social-size-24 synved-social-resolution-single synved-social-provider-twitter nolightbox\" data-provider=\"twitter\" target=\"_blank\" rel=\"nofollow\" title=\"Siga-nos no Twitter\" href=\"https:\/\/twitter.com\/aezuff\" style=\"font-size: 0px; width:24px;height:24px;margin:0;margin-bottom:5px;margin-right:5px;\"><img alt=\"twitter\" title=\"Siga-nos no Twitter\" class=\"synved-share-image synved-social-image synved-social-image-follow\" width=\"24\" height=\"24\" style=\"display: inline; width:24px;height:24px; margin: 0; padding: 0; border: none; box-shadow: none;\" src=\"https:\/\/www.aezuff.org\/extranet\/wp-content\/plugins\/social-media-feather\/synved-social\/addons\/extra-icons\/image\/social\/flag\/48x48\/twitter.png\" \/><\/a><a class=\"synved-social-button synved-social-button-follow synved-social-size-24 synved-social-resolution-single synved-social-provider-youtube nolightbox\" data-provider=\"youtube\" target=\"_blank\" rel=\"nofollow\" title=\"Subscreva-nos no YouTube\" href=\"http:\/\/www.youtube.com\/user\/actividadeseb23jb\" style=\"font-size: 0px; width:24px;height:24px;margin:0;margin-bottom:5px;\"><img alt=\"youtube\" title=\"Subscreva-nos no YouTube\" class=\"synved-share-image synved-social-image synved-social-image-follow\" width=\"24\" height=\"24\" style=\"display: inline; width:24px;height:24px; margin: 0; padding: 0; border: none; box-shadow: none;\" src=\"https:\/\/www.aezuff.org\/extranet\/wp-content\/plugins\/social-media-feather\/synved-social\/addons\/extra-icons\/image\/social\/flag\/48x48\/youtube.png\" \/><\/a><a class=\"synved-social-credit\" target=\"_blank\" rel=\"nofollow\" title=\"WordPress Social Media Feather\" href=\"http:\/\/synved.com\/wordpress-social-media-feather\/\" style=\"color:#444; text-decoration:none; font-size:8px; margin-left:5px;vertical-align:10px;white-space:nowrap;\"><span>by <\/span><img style=\"display: inline;margin:0;padding:0;width:16px;height:16px;\" width=\"16\" height=\"16\" alt=\"feather\" src=\"https:\/\/www.aezuff.org\/extranet\/wp-content\/plugins\/social-media-feather\/synved-social\/image\/icon.png\" \/><\/a><\/span>","protected":false},"excerpt":{"rendered":"<p>J\u00e1 se encontram dispon\u00edveis, no PBX da EB 2-3 Dr. Jo\u00e3o de Barros, os bilhetes para o espet\u00e1culo \u00abAbrimos Asas a Dan\u00e7ar&#8230;e Solid\u00e1rios Encorajamos Voos\u00bb, que ter\u00e1 lugar no dia 26 de abril de&#46;&#46;&#46;<\/p>\n","protected":false},"author":1,"featured_media":4365,"comment_status":"closed","ping_status":"open","sticky":false,"template":"","format":"standard","meta":{"footnotes":""},"categories":[1],"tags":[],"_links":{"self":[{"href":"https:\/\/www.aezuff.org\/extranet\/wp-json\/wp\/v2\/posts\/4363"}],"collection":[{"href":"https:\/\/www.aezuff.org\/extranet\/wp-json\/wp\/v2\/posts"}],"about":[{"href":"https:\/\/www.aezuff.org\/extranet\/wp-json\/wp\/v2\/types\/post"}],"author":[{"embeddable":true,"href":"https:\/\/www.aezuff.org\/extranet\/wp-json\/wp\/v2\/users\/1"}],"replies":[{"embeddable":true,"href":"https:\/\/www.aezuff.org\/extranet\/wp-json\/wp\/v2\/comments?post=4363"}],"version-history":[{"count":3,"href":"https:\/\/www.aezuff.org\/extranet\/wp-json\/wp\/v2\/posts\/4363\/revisions"}],"predecessor-version":[{"id":4367,"href":"https:\/\/www.aezuff.org\/extranet\/wp-json\/wp\/v2\/posts\/4363\/revisions\/4367"}],"wp:featuredmedia":[{"embeddable":true,"href":"https:\/\/www.aezuff.org\/extranet\/wp-json\/wp\/v2\/media\/4365"}],"wp:attachment":[{"href":"https:\/\/www.aezuff.org\/extranet\/wp-json\/wp\/v2\/media?parent=4363"}],"wp:term":[{"taxonomy":"category","embeddable":true,"href":"https:\/\/www.aezuff.org\/extranet\/wp-json\/wp\/v2\/categories?post=4363"},{"taxonomy":"post_tag","embeddable":true,"href":"https:\/\/www.aezuff.org\/extranet\/wp-json\/wp\/v2\/tags?post=4363"}],"curies":[{"name":"wp","href":"https:\/\/api.w.org\/{rel}","templated":true}]}}