{"id":4384,"date":"2015-04-07T17:41:56","date_gmt":"2015-04-07T17:41:56","guid":{"rendered":"http:\/\/www.aezuff.org\/extranet\/?p=4384"},"modified":"2015-04-07T17:44:27","modified_gmt":"2015-04-07T17:44:27","slug":"joao-de-barros-assinala-o-dia-nacional-dos-moinhos","status":"publish","type":"post","link":"https:\/\/www.aezuff.org\/extranet\/joao-de-barros-assinala-o-dia-nacional-dos-moinhos\/","title":{"rendered":"Jo\u00e3o de Barros assinala o Dia Nacional dos Moinhos"},"content":{"rendered":"<p>&nbsp;<\/p>\n<p><span style=\"color: #000000; font-family: Calibri;\">Integrada nas atividades do Projeto \u201cV.E.N.T.O. \u2013 Vontade de Empreender pela Natureza em Terra e no Oceano\u201d, que concorre ao concurso de ideias \u201cCi\u00eancia na Escola\u201d da Funda\u00e7\u00e3o Il\u00eddio Pinho, a Escola EB23 Dr. Jo\u00e3o de Barros comemorou hoje o Dia Nacional dos Moinhos. <\/span><\/p>\n<p style=\"text-align: justify;\"><em>\u201cMoinhos Abertos \u00e9 uma iniciativa de alcance nacional e ampla divulga\u00e7\u00e3o com o objetivo de chamar a aten\u00e7\u00e3o dos Portugueses para o inestim\u00e1vel valor patrimonial dos nossos moinhos tradicionais, por forma a motivar e coordenar vontades e esfor\u00e7os de propriet\u00e1rios, organiza\u00e7\u00f5es associativas, Autarquias locais, Museus, investigadores, molin\u00f3logos, entusiastas e amigos dos moinhos\u2026 Desfrute dos moinhos de Portugal! Eles t\u00eam um valor inestim\u00e1vel. Contribua para a sua salvaguarda.\u201d in, <\/em><a href=\"http:\/\/www.moinhosdeportugal.org\/ws\/\"><em>http:\/\/www.moinhosdeportugal.org\/ws\/<\/em><\/a><em> &#8211; Brochura<\/em><\/p>\n<span class=\"synved-social-container synved-social-container-follow\"><a class=\"synved-social-button synved-social-button-follow synved-social-size-24 synved-social-resolution-single synved-social-provider-facebook nolightbox\" data-provider=\"facebook\" target=\"_blank\" rel=\"nofollow\" title=\"Siga-nos no Facebook\" href=\"https:\/\/www.facebook.com\/pages\/Agrupamento-de-Escolas-da-Zona-Urbana-da-Figueira-da-Foz\/112980278714783\" style=\"font-size: 0px; width:24px;height:24px;margin:0;margin-bottom:5px;margin-right:5px;\"><img alt=\"Facebook\" title=\"Siga-nos no Facebook\" class=\"synved-share-image synved-social-image synved-social-image-follow\" width=\"24\" height=\"24\" style=\"display: inline; width:24px;height:24px; margin: 0; padding: 0; border: none; box-shadow: none;\" src=\"https:\/\/www.aezuff.org\/extranet\/wp-content\/plugins\/social-media-feather\/synved-social\/addons\/extra-icons\/image\/social\/flag\/48x48\/facebook.png\" \/><\/a><a class=\"synved-social-button synved-social-button-follow synved-social-size-24 synved-social-resolution-single synved-social-provider-twitter nolightbox\" data-provider=\"twitter\" target=\"_blank\" rel=\"nofollow\" title=\"Siga-nos no Twitter\" href=\"https:\/\/twitter.com\/aezuff\" style=\"font-size: 0px; width:24px;height:24px;margin:0;margin-bottom:5px;margin-right:5px;\"><img alt=\"twitter\" title=\"Siga-nos no Twitter\" class=\"synved-share-image synved-social-image synved-social-image-follow\" width=\"24\" height=\"24\" style=\"display: inline; width:24px;height:24px; margin: 0; padding: 0; border: none; box-shadow: none;\" src=\"https:\/\/www.aezuff.org\/extranet\/wp-content\/plugins\/social-media-feather\/synved-social\/addons\/extra-icons\/image\/social\/flag\/48x48\/twitter.png\" \/><\/a><a class=\"synved-social-button synved-social-button-follow synved-social-size-24 synved-social-resolution-single synved-social-provider-youtube nolightbox\" data-provider=\"youtube\" target=\"_blank\" rel=\"nofollow\" title=\"Subscreva-nos no YouTube\" href=\"http:\/\/www.youtube.com\/user\/actividadeseb23jb\" style=\"font-size: 0px; width:24px;height:24px;margin:0;margin-bottom:5px;\"><img alt=\"youtube\" title=\"Subscreva-nos no YouTube\" class=\"synved-share-image synved-social-image synved-social-image-follow\" width=\"24\" height=\"24\" style=\"display: inline; width:24px;height:24px; margin: 0; padding: 0; border: none; box-shadow: none;\" src=\"https:\/\/www.aezuff.org\/extranet\/wp-content\/plugins\/social-media-feather\/synved-social\/addons\/extra-icons\/image\/social\/flag\/48x48\/youtube.png\" \/><\/a><a class=\"synved-social-credit\" target=\"_blank\" rel=\"nofollow\" title=\"WordPress Social Media Feather\" href=\"http:\/\/synved.com\/wordpress-social-media-feather\/\" style=\"color:#444; text-decoration:none; font-size:8px; margin-left:5px;vertical-align:10px;white-space:nowrap;\"><span>by <\/span><img style=\"display: inline;margin:0;padding:0;width:16px;height:16px;\" width=\"16\" height=\"16\" alt=\"feather\" src=\"https:\/\/www.aezuff.org\/extranet\/wp-content\/plugins\/social-media-feather\/synved-social\/image\/icon.png\" \/><\/a><\/span>","protected":false},"excerpt":{"rendered":"<p>&nbsp; Integrada nas atividades do Projeto \u201cV.E.N.T.O. \u2013 Vontade de Empreender pela Natureza em Terra e no Oceano\u201d, que concorre ao concurso de ideias \u201cCi\u00eancia na Escola\u201d da Funda\u00e7\u00e3o Il\u00eddio Pinho, a Escola EB23&#46;&#46;&#46;<\/p>\n","protected":false},"author":1,"featured_media":4382,"comment_status":"closed","ping_status":"open","sticky":false,"template":"","format":"standard","meta":{"footnotes":""},"categories":[1],"tags":[],"_links":{"self":[{"href":"https:\/\/www.aezuff.org\/extranet\/wp-json\/wp\/v2\/posts\/4384"}],"collection":[{"href":"https:\/\/www.aezuff.org\/extranet\/wp-json\/wp\/v2\/posts"}],"about":[{"href":"https:\/\/www.aezuff.org\/extranet\/wp-json\/wp\/v2\/types\/post"}],"author":[{"embeddable":true,"href":"https:\/\/www.aezuff.org\/extranet\/wp-json\/wp\/v2\/users\/1"}],"replies":[{"embeddable":true,"href":"https:\/\/www.aezuff.org\/extranet\/wp-json\/wp\/v2\/comments?post=4384"}],"version-history":[{"count":3,"href":"https:\/\/www.aezuff.org\/extranet\/wp-json\/wp\/v2\/posts\/4384\/revisions"}],"predecessor-version":[{"id":4387,"href":"https:\/\/www.aezuff.org\/extranet\/wp-json\/wp\/v2\/posts\/4384\/revisions\/4387"}],"wp:featuredmedia":[{"embeddable":true,"href":"https:\/\/www.aezuff.org\/extranet\/wp-json\/wp\/v2\/media\/4382"}],"wp:attachment":[{"href":"https:\/\/www.aezuff.org\/extranet\/wp-json\/wp\/v2\/media?parent=4384"}],"wp:term":[{"taxonomy":"category","embeddable":true,"href":"https:\/\/www.aezuff.org\/extranet\/wp-json\/wp\/v2\/categories?post=4384"},{"taxonomy":"post_tag","embeddable":true,"href":"https:\/\/www.aezuff.org\/extranet\/wp-json\/wp\/v2\/tags?post=4384"}],"curies":[{"name":"wp","href":"https:\/\/api.w.org\/{rel}","templated":true}]}}