{"id":4436,"date":"2015-05-15T16:07:20","date_gmt":"2015-05-15T16:07:20","guid":{"rendered":"http:\/\/www.aezuff.org\/extranet\/?p=4436"},"modified":"2015-05-25T16:16:47","modified_gmt":"2015-05-25T16:16:47","slug":"alunos-do-8-o-ano-campeoes-nacionais-do-darlingua","status":"publish","type":"post","link":"https:\/\/www.aezuff.org\/extranet\/alunos-do-8-o-ano-campeoes-nacionais-do-darlingua\/","title":{"rendered":"Alunos do 8.\u00ba ano &#8211; Campe\u00f5es Nacionais do Dar@L\u00edngua"},"content":{"rendered":"<p style=\"text-align: justify;\"><span class=\"fbPhotoCaptionText\"><a href=\"http:\/\/www.aezuff.org\/extranet\/wp-content\/uploads\/2012\/10\/\/2015\/05\/33-1.jpg\"><img decoding=\"async\" loading=\"lazy\" class=\"alignleft wp-image-4437 size-thumbnail\" src=\"http:\/\/www.aezuff.org\/extranet\/wp-content\/uploads\/2012\/10\/\/2015\/05\/33-1-150x150.jpg\" alt=\"33 (1)\" width=\"150\" height=\"150\" srcset=\"https:\/\/www.aezuff.org\/extranet\/http:\/\/www.aezuff.org\/extranet\/wp-content\/uploads\/2012\/10\/2015\/05\/33-1-150x150.jpg 150w, https:\/\/www.aezuff.org\/extranet\/http:\/\/www.aezuff.org\/extranet\/wp-content\/uploads\/2012\/10\/2015\/05\/33-1-160x160.jpg 160w\" sizes=\"(max-width: 150px) 100vw, 150px\" \/><\/a>Alunos da Escola EB 2\u00ba e 3\u00ba Ciclos Dr. Jo\u00e3o de Barros participaram, mais uma vez, nas competi\u00e7\u00f5es nacionais de Matem\u00e1tica \u2013 Equamat e de Portugu\u00eas \u2013 Dar@L\u00edngua realizadas na Universidade de Aveiro no dia 13 de maio. O grupo de 30 alunos que participou em cada uma destas competi\u00e7\u00f5es, voltou a obter excelentes resultados. <\/span><\/p>\n<p style=\"text-align: justify;\"><span class=\"fbPhotoCaptionText\"><br \/>\nNa competi\u00e7\u00e3o Dar@L\u00edngua, duas equipas foram premiadas: a equipa constitu\u00edda pelos alunos Filipa Oliveira e Gon\u00e7alo Silva do 8.\u00baB classificou-se em primeiro lugar, no 8.\u00ba ano (em 123 equipas) e a equipa constitu\u00edda pelos alunos Ricardo Antunes e Pedro Neves do 7.\u00baA classificou-se em 3.\u00ba lugar, no 7.\u00ba ano (em 104 equipas). De salientar tamb\u00e9m a equipa constitu\u00edda pelos alunos Gon\u00e7alo Nogueira e Ant\u00f3nio Sim\u00f5es do 9.\u00ba A que ficou classificada em 8.\u00ba lugar na prova de 9.\u00ba ano (em 86 equipas).<\/span><\/p>\n<p style=\"text-align: justify;\"><span class=\"fbPhotoCaptionText\"><br \/>\nNa competi\u00e7\u00e3o Equamat h\u00e1 tamb\u00e9m duas equipas a destacar, a equipa constitu\u00edda pelos alunos Filipa Oliveira e Gon\u00e7alo Silva do 8.\u00baB classificou-se em 4.\u00ba lugar(em 509 equipas) e a equipa constitu\u00edda pelos alunos Ricardo Antunes e Pedro Neves do 7.\u00baA classificou-se em 28.\u00ba lugar (em 514 equipas), concluindo ambas os 20 n\u00edveis da prova.<br \/>\nNa classifica\u00e7\u00e3o por escolas, a nossa escola ficou em 5.\u00ba lugar na competi\u00e7\u00e3o Dar@L\u00edngua (Portugu\u00eas) num total 28 escolas participantes e em 17.\u00ba lugar na competi\u00e7\u00e3o Equamat (Matem\u00e1tica) num total de 140 escolas participantes.<\/span><\/p>\n<p style=\"text-align: justify;\"><a href=\"http:\/\/www.aezuff.org\/extranet\/wp-content\/uploads\/2012\/10\/\/2015\/05\/IMG_1326.jpg\"><img decoding=\"async\" loading=\"lazy\" class=\"alignnone size-thumbnail wp-image-4440\" src=\"http:\/\/www.aezuff.org\/extranet\/wp-content\/uploads\/2012\/10\/\/2015\/05\/IMG_1326-150x150.jpg\" alt=\"IMG_1326\" width=\"150\" height=\"150\" srcset=\"https:\/\/www.aezuff.org\/extranet\/http:\/\/www.aezuff.org\/extranet\/wp-content\/uploads\/2012\/10\/2015\/05\/IMG_1326-150x150.jpg 150w, https:\/\/www.aezuff.org\/extranet\/http:\/\/www.aezuff.org\/extranet\/wp-content\/uploads\/2012\/10\/2015\/05\/IMG_1326-160x160.jpg 160w\" sizes=\"(max-width: 150px) 100vw, 150px\" \/><\/a>\u00a0\u00a0\u00a0 <a href=\"http:\/\/www.aezuff.org\/extranet\/wp-content\/uploads\/2012\/10\/\/2015\/05\/IMG_1272.jpg\"><img decoding=\"async\" loading=\"lazy\" class=\"alignnone size-thumbnail wp-image-4439\" src=\"http:\/\/www.aezuff.org\/extranet\/wp-content\/uploads\/2012\/10\/\/2015\/05\/IMG_1272-150x150.jpg\" alt=\"IMG_1272\" width=\"150\" height=\"150\" srcset=\"https:\/\/www.aezuff.org\/extranet\/http:\/\/www.aezuff.org\/extranet\/wp-content\/uploads\/2012\/10\/2015\/05\/IMG_1272-150x150.jpg 150w, https:\/\/www.aezuff.org\/extranet\/http:\/\/www.aezuff.org\/extranet\/wp-content\/uploads\/2012\/10\/2015\/05\/IMG_1272-160x160.jpg 160w\" sizes=\"(max-width: 150px) 100vw, 150px\" \/><\/a>\u00a0\u00a0\u00a0 <a href=\"http:\/\/www.aezuff.org\/extranet\/wp-content\/uploads\/2012\/10\/\/2015\/05\/33-2.jpg\"><img decoding=\"async\" loading=\"lazy\" class=\"alignnone size-thumbnail wp-image-4438\" src=\"http:\/\/www.aezuff.org\/extranet\/wp-content\/uploads\/2012\/10\/\/2015\/05\/33-2-150x150.jpg\" alt=\"33 (2)\" width=\"150\" height=\"150\" srcset=\"https:\/\/www.aezuff.org\/extranet\/http:\/\/www.aezuff.org\/extranet\/wp-content\/uploads\/2012\/10\/2015\/05\/33-2-150x150.jpg 150w, https:\/\/www.aezuff.org\/extranet\/http:\/\/www.aezuff.org\/extranet\/wp-content\/uploads\/2012\/10\/2015\/05\/33-2-160x160.jpg 160w\" sizes=\"(max-width: 150px) 100vw, 150px\" \/><\/a><\/p>\n<span class=\"synved-social-container synved-social-container-follow\"><a class=\"synved-social-button synved-social-button-follow synved-social-size-24 synved-social-resolution-single synved-social-provider-facebook nolightbox\" data-provider=\"facebook\" target=\"_blank\" rel=\"nofollow\" title=\"Siga-nos no Facebook\" href=\"https:\/\/www.facebook.com\/pages\/Agrupamento-de-Escolas-da-Zona-Urbana-da-Figueira-da-Foz\/112980278714783\" style=\"font-size: 0px; width:24px;height:24px;margin:0;margin-bottom:5px;margin-right:5px;\"><img alt=\"Facebook\" title=\"Siga-nos no Facebook\" class=\"synved-share-image synved-social-image synved-social-image-follow\" width=\"24\" height=\"24\" style=\"display: inline; width:24px;height:24px; margin: 0; padding: 0; border: none; box-shadow: none;\" src=\"https:\/\/www.aezuff.org\/extranet\/wp-content\/plugins\/social-media-feather\/synved-social\/addons\/extra-icons\/image\/social\/flag\/48x48\/facebook.png\" \/><\/a><a class=\"synved-social-button synved-social-button-follow synved-social-size-24 synved-social-resolution-single synved-social-provider-twitter nolightbox\" data-provider=\"twitter\" target=\"_blank\" rel=\"nofollow\" title=\"Siga-nos no Twitter\" href=\"https:\/\/twitter.com\/aezuff\" style=\"font-size: 0px; width:24px;height:24px;margin:0;margin-bottom:5px;margin-right:5px;\"><img alt=\"twitter\" title=\"Siga-nos no Twitter\" class=\"synved-share-image synved-social-image synved-social-image-follow\" width=\"24\" height=\"24\" style=\"display: inline; width:24px;height:24px; margin: 0; padding: 0; border: none; box-shadow: none;\" src=\"https:\/\/www.aezuff.org\/extranet\/wp-content\/plugins\/social-media-feather\/synved-social\/addons\/extra-icons\/image\/social\/flag\/48x48\/twitter.png\" \/><\/a><a class=\"synved-social-button synved-social-button-follow synved-social-size-24 synved-social-resolution-single synved-social-provider-youtube nolightbox\" data-provider=\"youtube\" target=\"_blank\" rel=\"nofollow\" title=\"Subscreva-nos no YouTube\" href=\"http:\/\/www.youtube.com\/user\/actividadeseb23jb\" style=\"font-size: 0px; width:24px;height:24px;margin:0;margin-bottom:5px;\"><img alt=\"youtube\" title=\"Subscreva-nos no YouTube\" class=\"synved-share-image synved-social-image synved-social-image-follow\" width=\"24\" height=\"24\" style=\"display: inline; width:24px;height:24px; margin: 0; padding: 0; border: none; box-shadow: none;\" src=\"https:\/\/www.aezuff.org\/extranet\/wp-content\/plugins\/social-media-feather\/synved-social\/addons\/extra-icons\/image\/social\/flag\/48x48\/youtube.png\" \/><\/a><a class=\"synved-social-credit\" target=\"_blank\" rel=\"nofollow\" title=\"WordPress Social Media Feather\" href=\"http:\/\/synved.com\/wordpress-social-media-feather\/\" style=\"color:#444; text-decoration:none; font-size:8px; margin-left:5px;vertical-align:10px;white-space:nowrap;\"><span>by <\/span><img style=\"display: inline;margin:0;padding:0;width:16px;height:16px;\" width=\"16\" height=\"16\" alt=\"feather\" src=\"https:\/\/www.aezuff.org\/extranet\/wp-content\/plugins\/social-media-feather\/synved-social\/image\/icon.png\" \/><\/a><\/span>","protected":false},"excerpt":{"rendered":"<p>Alunos da Escola EB 2\u00ba e 3\u00ba Ciclos Dr. Jo\u00e3o de Barros participaram, mais uma vez, nas competi\u00e7\u00f5es nacionais de Matem\u00e1tica \u2013 Equamat e de Portugu\u00eas \u2013 Dar@L\u00edngua realizadas na Universidade de Aveiro no&#46;&#46;&#46;<\/p>\n","protected":false},"author":1,"featured_media":4437,"comment_status":"closed","ping_status":"open","sticky":false,"template":"","format":"standard","meta":{"footnotes":""},"categories":[1],"tags":[],"_links":{"self":[{"href":"https:\/\/www.aezuff.org\/extranet\/wp-json\/wp\/v2\/posts\/4436"}],"collection":[{"href":"https:\/\/www.aezuff.org\/extranet\/wp-json\/wp\/v2\/posts"}],"about":[{"href":"https:\/\/www.aezuff.org\/extranet\/wp-json\/wp\/v2\/types\/post"}],"author":[{"embeddable":true,"href":"https:\/\/www.aezuff.org\/extranet\/wp-json\/wp\/v2\/users\/1"}],"replies":[{"embeddable":true,"href":"https:\/\/www.aezuff.org\/extranet\/wp-json\/wp\/v2\/comments?post=4436"}],"version-history":[{"count":1,"href":"https:\/\/www.aezuff.org\/extranet\/wp-json\/wp\/v2\/posts\/4436\/revisions"}],"predecessor-version":[{"id":4441,"href":"https:\/\/www.aezuff.org\/extranet\/wp-json\/wp\/v2\/posts\/4436\/revisions\/4441"}],"wp:featuredmedia":[{"embeddable":true,"href":"https:\/\/www.aezuff.org\/extranet\/wp-json\/wp\/v2\/media\/4437"}],"wp:attachment":[{"href":"https:\/\/www.aezuff.org\/extranet\/wp-json\/wp\/v2\/media?parent=4436"}],"wp:term":[{"taxonomy":"category","embeddable":true,"href":"https:\/\/www.aezuff.org\/extranet\/wp-json\/wp\/v2\/categories?post=4436"},{"taxonomy":"post_tag","embeddable":true,"href":"https:\/\/www.aezuff.org\/extranet\/wp-json\/wp\/v2\/tags?post=4436"}],"curies":[{"name":"wp","href":"https:\/\/api.w.org\/{rel}","templated":true}]}}