{"id":5270,"date":"2016-02-11T15:29:37","date_gmt":"2016-02-11T15:29:37","guid":{"rendered":"http:\/\/www.aezuff.org\/extranet\/?p=5270"},"modified":"2016-02-11T15:29:37","modified_gmt":"2016-02-11T15:29:37","slug":"um-cheirinho-do-carnaval-nas-nossas-escolas","status":"publish","type":"post","link":"https:\/\/www.aezuff.org\/extranet\/um-cheirinho-do-carnaval-nas-nossas-escolas\/","title":{"rendered":"Um &#8220;cheirinho&#8221; do Carnaval nas nossas Escolas"},"content":{"rendered":"<p>O Carnaval foi festejado em todas as escolas do nosso Agrupamento, segundo o seu Plano Anual de Atividades. Como j\u00e1 \u00e9 habitual, em algumas escolas os alunos sa\u00edram \u00e0 rua para desfilar os seus trajes, enquanto outras escolas, e \u00e0 semelhan\u00e7a dos anos anteriores, optaram por viver o Carnaval na Escola.Todos os  estabelecimentos usaram, como mote, o lema do Agrupamento para este ano:  &#8220;Aproveita a mar\u00e9&#8230; agarra o teu leme&#8221;. Foi com muita cor, alegria e boa disposi\u00e7\u00e3o que os nossos marinheiros, peixinhos, sereias, piratas, etc&#8230; se divertiram em mais um Carnaval.<a href=\"http:\/\/www.aezuff.org\/extranet\/wp-content\/uploads\/2012\/10\/\/2016\/02\/2-centro-escolar.jpg\" rel=\"attachment wp-att-5272\"><img decoding=\"async\" loading=\"lazy\" src=\"http:\/\/www.aezuff.org\/extranet\/wp-content\/uploads\/2012\/10\/\/2016\/02\/2-centro-escolar.jpg\" alt=\"2 centro escolar\" width=\"4000\" height=\"3000\" class=\"alignnone size-full wp-image-5272\" srcset=\"https:\/\/www.aezuff.org\/extranet\/http:\/\/www.aezuff.org\/extranet\/wp-content\/uploads\/2012\/10\/2016\/02\/2-centro-escolar.jpg 4000w, https:\/\/www.aezuff.org\/extranet\/http:\/\/www.aezuff.org\/extranet\/wp-content\/uploads\/2012\/10\/2016\/02\/2-centro-escolar-300x225.jpg 300w, https:\/\/www.aezuff.org\/extranet\/http:\/\/www.aezuff.org\/extranet\/wp-content\/uploads\/2012\/10\/2016\/02\/2-centro-escolar-768x576.jpg 768w, https:\/\/www.aezuff.org\/extranet\/http:\/\/www.aezuff.org\/extranet\/wp-content\/uploads\/2012\/10\/2016\/02\/2-centro-escolar-1024x768.jpg 1024w\" sizes=\"(max-width: 4000px) 100vw, 4000px\" \/><\/a><\/p>\n<p><a href=\"http:\/\/www.aezuff.org\/extranet\/wp-content\/uploads\/2012\/10\/\/2016\/02\/3-viso.jpg\" rel=\"attachment wp-att-5273\"><img decoding=\"async\" loading=\"lazy\" src=\"http:\/\/www.aezuff.org\/extranet\/wp-content\/uploads\/2012\/10\/\/2016\/02\/3-viso.jpg\" alt=\"3 viso\" width=\"853\" height=\"960\" class=\"alignnone size-full wp-image-5273\" srcset=\"https:\/\/www.aezuff.org\/extranet\/http:\/\/www.aezuff.org\/extranet\/wp-content\/uploads\/2012\/10\/2016\/02\/3-viso.jpg 853w, https:\/\/www.aezuff.org\/extranet\/http:\/\/www.aezuff.org\/extranet\/wp-content\/uploads\/2012\/10\/2016\/02\/3-viso-267x300.jpg 267w, https:\/\/www.aezuff.org\/extranet\/http:\/\/www.aezuff.org\/extranet\/wp-content\/uploads\/2012\/10\/2016\/02\/3-viso-768x864.jpg 768w\" sizes=\"(max-width: 853px) 100vw, 853px\" \/><\/a><\/p>\n<p><a href=\"http:\/\/www.aezuff.org\/extranet\/wp-content\/uploads\/2012\/10\/\/2016\/02\/4-gala.jpg\" rel=\"attachment wp-att-5274\"><img decoding=\"async\" loading=\"lazy\" src=\"http:\/\/www.aezuff.org\/extranet\/wp-content\/uploads\/2012\/10\/\/2016\/02\/4-gala.jpg\" alt=\"4 gala\" width=\"2198\" height=\"2334\" class=\"alignnone size-full wp-image-5274\" srcset=\"https:\/\/www.aezuff.org\/extranet\/http:\/\/www.aezuff.org\/extranet\/wp-content\/uploads\/2012\/10\/2016\/02\/4-gala.jpg 2198w, https:\/\/www.aezuff.org\/extranet\/http:\/\/www.aezuff.org\/extranet\/wp-content\/uploads\/2012\/10\/2016\/02\/4-gala-283x300.jpg 283w, https:\/\/www.aezuff.org\/extranet\/http:\/\/www.aezuff.org\/extranet\/wp-content\/uploads\/2012\/10\/2016\/02\/4-gala-768x816.jpg 768w, https:\/\/www.aezuff.org\/extranet\/http:\/\/www.aezuff.org\/extranet\/wp-content\/uploads\/2012\/10\/2016\/02\/4-gala-964x1024.jpg 964w\" sizes=\"(max-width: 2198px) 100vw, 2198px\" \/><\/a><\/p>\n<div id=\"attachment_5275\" style=\"width: 2607px\" class=\"wp-caption alignnone\"><a href=\"http:\/\/www.aezuff.org\/extranet\/wp-content\/uploads\/2012\/10\/\/2016\/02\/5-caceira.jpg\" rel=\"attachment wp-att-5275\"><img aria-describedby=\"caption-attachment-5275\" decoding=\"async\" loading=\"lazy\" src=\"http:\/\/www.aezuff.org\/extranet\/wp-content\/uploads\/2012\/10\/\/2016\/02\/5-caceira.jpg\" alt=\"\u00f8;\" width=\"2597\" height=\"1902\" class=\"size-full wp-image-5275\" srcset=\"https:\/\/www.aezuff.org\/extranet\/http:\/\/www.aezuff.org\/extranet\/wp-content\/uploads\/2012\/10\/2016\/02\/5-caceira.jpg 2597w, https:\/\/www.aezuff.org\/extranet\/http:\/\/www.aezuff.org\/extranet\/wp-content\/uploads\/2012\/10\/2016\/02\/5-caceira-300x220.jpg 300w, https:\/\/www.aezuff.org\/extranet\/http:\/\/www.aezuff.org\/extranet\/wp-content\/uploads\/2012\/10\/2016\/02\/5-caceira-768x562.jpg 768w, https:\/\/www.aezuff.org\/extranet\/http:\/\/www.aezuff.org\/extranet\/wp-content\/uploads\/2012\/10\/2016\/02\/5-caceira-1024x750.jpg 1024w\" sizes=\"(max-width: 2597px) 100vw, 2597px\" \/><\/a><p id=\"caption-attachment-5275\" class=\"wp-caption-text\">\u00f8;<\/p><\/div>\n<p><a href=\"http:\/\/www.aezuff.org\/extranet\/wp-content\/uploads\/2012\/10\/\/2016\/02\/rui-martins.jpg\" rel=\"attachment wp-att-5276\"><img decoding=\"async\" loading=\"lazy\" src=\"http:\/\/www.aezuff.org\/extranet\/wp-content\/uploads\/2012\/10\/\/2016\/02\/rui-martins.jpg\" alt=\"rui martins\" width=\"824\" height=\"611\" class=\"alignnone size-full wp-image-5276\" srcset=\"https:\/\/www.aezuff.org\/extranet\/http:\/\/www.aezuff.org\/extranet\/wp-content\/uploads\/2012\/10\/2016\/02\/rui-martins.jpg 824w, https:\/\/www.aezuff.org\/extranet\/http:\/\/www.aezuff.org\/extranet\/wp-content\/uploads\/2012\/10\/2016\/02\/rui-martins-300x222.jpg 300w, https:\/\/www.aezuff.org\/extranet\/http:\/\/www.aezuff.org\/extranet\/wp-content\/uploads\/2012\/10\/2016\/02\/rui-martins-768x569.jpg 768w\" sizes=\"(max-width: 824px) 100vw, 824px\" \/><\/a><\/p>\n<p><a href=\"http:\/\/www.aezuff.org\/extranet\/wp-content\/uploads\/2012\/10\/\/2016\/02\/7abadias-2.jpg\" rel=\"attachment wp-att-5277\"><img decoding=\"async\" loading=\"lazy\" src=\"http:\/\/www.aezuff.org\/extranet\/wp-content\/uploads\/2012\/10\/\/2016\/02\/7abadias-2.jpg\" alt=\"7abadias (2)\" width=\"960\" height=\"541\" class=\"alignnone size-full wp-image-5277\" srcset=\"https:\/\/www.aezuff.org\/extranet\/http:\/\/www.aezuff.org\/extranet\/wp-content\/uploads\/2012\/10\/2016\/02\/7abadias-2.jpg 960w, https:\/\/www.aezuff.org\/extranet\/http:\/\/www.aezuff.org\/extranet\/wp-content\/uploads\/2012\/10\/2016\/02\/7abadias-2-300x169.jpg 300w, https:\/\/www.aezuff.org\/extranet\/http:\/\/www.aezuff.org\/extranet\/wp-content\/uploads\/2012\/10\/2016\/02\/7abadias-2-768x433.jpg 768w\" sizes=\"(max-width: 960px) 100vw, 960px\" \/><\/a><\/p>\n<span class=\"synved-social-container synved-social-container-follow\"><a class=\"synved-social-button synved-social-button-follow synved-social-size-24 synved-social-resolution-single synved-social-provider-facebook nolightbox\" data-provider=\"facebook\" target=\"_blank\" rel=\"nofollow\" title=\"Siga-nos no Facebook\" href=\"https:\/\/www.facebook.com\/pages\/Agrupamento-de-Escolas-da-Zona-Urbana-da-Figueira-da-Foz\/112980278714783\" style=\"font-size: 0px; width:24px;height:24px;margin:0;margin-bottom:5px;margin-right:5px;\"><img alt=\"Facebook\" title=\"Siga-nos no Facebook\" class=\"synved-share-image synved-social-image synved-social-image-follow\" width=\"24\" height=\"24\" style=\"display: inline; width:24px;height:24px; margin: 0; padding: 0; border: none; box-shadow: none;\" src=\"https:\/\/www.aezuff.org\/extranet\/wp-content\/plugins\/social-media-feather\/synved-social\/addons\/extra-icons\/image\/social\/flag\/48x48\/facebook.png\" \/><\/a><a class=\"synved-social-button synved-social-button-follow synved-social-size-24 synved-social-resolution-single synved-social-provider-twitter nolightbox\" data-provider=\"twitter\" target=\"_blank\" rel=\"nofollow\" title=\"Siga-nos no Twitter\" href=\"https:\/\/twitter.com\/aezuff\" style=\"font-size: 0px; width:24px;height:24px;margin:0;margin-bottom:5px;margin-right:5px;\"><img alt=\"twitter\" title=\"Siga-nos no Twitter\" class=\"synved-share-image synved-social-image synved-social-image-follow\" width=\"24\" height=\"24\" style=\"display: inline; width:24px;height:24px; margin: 0; padding: 0; border: none; box-shadow: none;\" src=\"https:\/\/www.aezuff.org\/extranet\/wp-content\/plugins\/social-media-feather\/synved-social\/addons\/extra-icons\/image\/social\/flag\/48x48\/twitter.png\" \/><\/a><a class=\"synved-social-button synved-social-button-follow synved-social-size-24 synved-social-resolution-single synved-social-provider-youtube nolightbox\" data-provider=\"youtube\" target=\"_blank\" rel=\"nofollow\" title=\"Subscreva-nos no YouTube\" href=\"http:\/\/www.youtube.com\/user\/actividadeseb23jb\" style=\"font-size: 0px; width:24px;height:24px;margin:0;margin-bottom:5px;\"><img alt=\"youtube\" title=\"Subscreva-nos no YouTube\" class=\"synved-share-image synved-social-image synved-social-image-follow\" width=\"24\" height=\"24\" style=\"display: inline; width:24px;height:24px; margin: 0; padding: 0; border: none; box-shadow: none;\" src=\"https:\/\/www.aezuff.org\/extranet\/wp-content\/plugins\/social-media-feather\/synved-social\/addons\/extra-icons\/image\/social\/flag\/48x48\/youtube.png\" \/><\/a><a class=\"synved-social-credit\" target=\"_blank\" rel=\"nofollow\" title=\"WordPress Social Media Feather\" href=\"http:\/\/synved.com\/wordpress-social-media-feather\/\" style=\"color:#444; text-decoration:none; font-size:8px; margin-left:5px;vertical-align:10px;white-space:nowrap;\"><span>by <\/span><img style=\"display: inline;margin:0;padding:0;width:16px;height:16px;\" width=\"16\" height=\"16\" alt=\"feather\" src=\"https:\/\/www.aezuff.org\/extranet\/wp-content\/plugins\/social-media-feather\/synved-social\/image\/icon.png\" \/><\/a><\/span>","protected":false},"excerpt":{"rendered":"<p>O Carnaval foi festejado em todas as escolas do nosso Agrupamento, segundo o seu Plano Anual de Atividades. Como j\u00e1 \u00e9 habitual, em algumas escolas os alunos sa\u00edram \u00e0 rua para desfilar os seus&#46;&#46;&#46;<\/p>\n","protected":false},"author":1,"featured_media":5272,"comment_status":"closed","ping_status":"open","sticky":false,"template":"","format":"standard","meta":{"footnotes":""},"categories":[1],"tags":[],"_links":{"self":[{"href":"https:\/\/www.aezuff.org\/extranet\/wp-json\/wp\/v2\/posts\/5270"}],"collection":[{"href":"https:\/\/www.aezuff.org\/extranet\/wp-json\/wp\/v2\/posts"}],"about":[{"href":"https:\/\/www.aezuff.org\/extranet\/wp-json\/wp\/v2\/types\/post"}],"author":[{"embeddable":true,"href":"https:\/\/www.aezuff.org\/extranet\/wp-json\/wp\/v2\/users\/1"}],"replies":[{"embeddable":true,"href":"https:\/\/www.aezuff.org\/extranet\/wp-json\/wp\/v2\/comments?post=5270"}],"version-history":[{"count":1,"href":"https:\/\/www.aezuff.org\/extranet\/wp-json\/wp\/v2\/posts\/5270\/revisions"}],"predecessor-version":[{"id":5278,"href":"https:\/\/www.aezuff.org\/extranet\/wp-json\/wp\/v2\/posts\/5270\/revisions\/5278"}],"wp:featuredmedia":[{"embeddable":true,"href":"https:\/\/www.aezuff.org\/extranet\/wp-json\/wp\/v2\/media\/5272"}],"wp:attachment":[{"href":"https:\/\/www.aezuff.org\/extranet\/wp-json\/wp\/v2\/media?parent=5270"}],"wp:term":[{"taxonomy":"category","embeddable":true,"href":"https:\/\/www.aezuff.org\/extranet\/wp-json\/wp\/v2\/categories?post=5270"},{"taxonomy":"post_tag","embeddable":true,"href":"https:\/\/www.aezuff.org\/extranet\/wp-json\/wp\/v2\/tags?post=5270"}],"curies":[{"name":"wp","href":"https:\/\/api.w.org\/{rel}","templated":true}]}}