{"id":6798,"date":"2017-05-02T09:47:49","date_gmt":"2017-05-02T09:47:49","guid":{"rendered":"http:\/\/www.aezuff.org\/extranet\/?p=6798"},"modified":"2017-05-02T09:47:49","modified_gmt":"2017-05-02T09:47:49","slug":"acao-social-escolar-ano-letivo-201718","status":"publish","type":"post","link":"https:\/\/www.aezuff.org\/extranet\/acao-social-escolar-ano-letivo-201718\/","title":{"rendered":"A\u00e7\u00e3o Social Escolar- Ano letivo 2017\/18"},"content":{"rendered":"<p>Caro (a) Encarregado de Educa\u00e7\u00e3o,<\/p>\n<p>&nbsp;<\/p>\n<p>Os alunos que beneficiam do <strong>1.\u00ba, 2.\u00ba e <\/strong><strong>3.\u00ba<\/strong> <strong>escal\u00e3o de abono de fam\u00edlia<\/strong> podem candidatar-se \u00e0 atribui\u00e7\u00e3o de aux\u00edlios econ\u00f3micos (os que tem atribu\u00eddo o 3.\u00ba escal\u00e3o s\u00f3 tem benef\u00edcios nos manuais escolares).<\/p>\n<p>Devem fazer prova do seu posicionamento nos respetivos escal\u00f5es de atribui\u00e7\u00e3o de abono de fam\u00edlia, mediante entrega de documento atualizado emitido pelo servi\u00e7o competente da seguran\u00e7a social ou pelo servi\u00e7o processador, junto da secretaria da EB2\/3 Dr. Jo\u00e3o de Barros, ou atrav\u00e9s do correio electr\u00f3nico: <a href=\"mailto:marisaascenso@aezuff.org\"><strong><em>marisaascenso@aezuff.org<\/em><\/strong><\/a><\/p>\n<p>&nbsp;<\/p>\n<p><strong><em>O prazo de entrega ser\u00e1 de 2 de maio a 23 de junho de 2017.<\/em><\/strong><\/p>\n<p>&nbsp;<\/p>\n<hr \/>\n<p>&nbsp;<\/p>\n<p><a href=\"http:\/\/www.aezuff.org\/extranet\/wp-content\/uploads\/2012\/10\/\/2017\/05\/mochila.jpg\"><img decoding=\"async\" loading=\"lazy\" class=\"aligncenter wp-image-6799 \" src=\"http:\/\/www.aezuff.org\/extranet\/wp-content\/uploads\/2012\/10\/\/2017\/05\/mochila-300x182.jpg\" alt=\"\" width=\"223\" height=\"135\" srcset=\"https:\/\/www.aezuff.org\/extranet\/http:\/\/www.aezuff.org\/extranet\/wp-content\/uploads\/2012\/10\/2017\/05\/mochila-300x182.jpg 300w, https:\/\/www.aezuff.org\/extranet\/http:\/\/www.aezuff.org\/extranet\/wp-content\/uploads\/2012\/10\/2017\/05\/mochila.jpg 330w\" sizes=\"(max-width: 223px) 100vw, 223px\" \/><\/a><\/p>\n<p><strong>Manuais Escolares<\/strong><\/p>\n<ul>\n<li>\u00ba Ciclo (1.\u00ba ao 4.\u00ba ano de escolaridade) \u2013 A todos os alunos do 1.\u00ba ciclo do ensino b\u00e1sico \u00e9 garantido o acesso gratuito aos manuais escolares (Dec. Lei n.\u00ba 25\/2017);<\/li>\n<li>\u00ba e 3.\u00ba ciclos (5.\u00ba ao 9.\u00ba ano de escolaridade) \u2013 O apoio a conceder ao aluno para os manuais escolares, no \u00e2mbito da ac\u00e7\u00e3o social escolar e de acordo com o escal\u00e3o que integra, \u00e9 sempre feita a titulo de empr\u00e9stimo recorrendo \u00e1 bolsa de manuais escolares existente na escola (despacho do ASE).<\/li>\n<\/ul>\n<span class=\"synved-social-container synved-social-container-follow\"><a class=\"synved-social-button synved-social-button-follow synved-social-size-24 synved-social-resolution-single synved-social-provider-facebook nolightbox\" data-provider=\"facebook\" target=\"_blank\" rel=\"nofollow\" title=\"Siga-nos no Facebook\" href=\"https:\/\/www.facebook.com\/pages\/Agrupamento-de-Escolas-da-Zona-Urbana-da-Figueira-da-Foz\/112980278714783\" style=\"font-size: 0px; width:24px;height:24px;margin:0;margin-bottom:5px;margin-right:5px;\"><img alt=\"Facebook\" title=\"Siga-nos no Facebook\" class=\"synved-share-image synved-social-image synved-social-image-follow\" width=\"24\" height=\"24\" style=\"display: inline; width:24px;height:24px; margin: 0; padding: 0; border: none; box-shadow: none;\" src=\"https:\/\/www.aezuff.org\/extranet\/wp-content\/plugins\/social-media-feather\/synved-social\/addons\/extra-icons\/image\/social\/flag\/48x48\/facebook.png\" \/><\/a><a class=\"synved-social-button synved-social-button-follow synved-social-size-24 synved-social-resolution-single synved-social-provider-twitter nolightbox\" data-provider=\"twitter\" target=\"_blank\" rel=\"nofollow\" title=\"Siga-nos no Twitter\" href=\"https:\/\/twitter.com\/aezuff\" style=\"font-size: 0px; width:24px;height:24px;margin:0;margin-bottom:5px;margin-right:5px;\"><img alt=\"twitter\" title=\"Siga-nos no Twitter\" class=\"synved-share-image synved-social-image synved-social-image-follow\" width=\"24\" height=\"24\" style=\"display: inline; width:24px;height:24px; margin: 0; padding: 0; border: none; box-shadow: none;\" src=\"https:\/\/www.aezuff.org\/extranet\/wp-content\/plugins\/social-media-feather\/synved-social\/addons\/extra-icons\/image\/social\/flag\/48x48\/twitter.png\" \/><\/a><a class=\"synved-social-button synved-social-button-follow synved-social-size-24 synved-social-resolution-single synved-social-provider-youtube nolightbox\" data-provider=\"youtube\" target=\"_blank\" rel=\"nofollow\" title=\"Subscreva-nos no YouTube\" href=\"http:\/\/www.youtube.com\/user\/actividadeseb23jb\" style=\"font-size: 0px; width:24px;height:24px;margin:0;margin-bottom:5px;\"><img alt=\"youtube\" title=\"Subscreva-nos no YouTube\" class=\"synved-share-image synved-social-image synved-social-image-follow\" width=\"24\" height=\"24\" style=\"display: inline; width:24px;height:24px; margin: 0; padding: 0; border: none; box-shadow: none;\" src=\"https:\/\/www.aezuff.org\/extranet\/wp-content\/plugins\/social-media-feather\/synved-social\/addons\/extra-icons\/image\/social\/flag\/48x48\/youtube.png\" \/><\/a><a class=\"synved-social-credit\" target=\"_blank\" rel=\"nofollow\" title=\"WordPress Social Media Feather\" href=\"http:\/\/synved.com\/wordpress-social-media-feather\/\" style=\"color:#444; text-decoration:none; font-size:8px; margin-left:5px;vertical-align:10px;white-space:nowrap;\"><span>by <\/span><img style=\"display: inline;margin:0;padding:0;width:16px;height:16px;\" width=\"16\" height=\"16\" alt=\"feather\" src=\"https:\/\/www.aezuff.org\/extranet\/wp-content\/plugins\/social-media-feather\/synved-social\/image\/icon.png\" \/><\/a><\/span>","protected":false},"excerpt":{"rendered":"<p>Caro (a) Encarregado de Educa\u00e7\u00e3o, &nbsp; Os alunos que beneficiam do 1.\u00ba, 2.\u00ba e 3.\u00ba escal\u00e3o de abono de fam\u00edlia podem candidatar-se \u00e0 atribui\u00e7\u00e3o de aux\u00edlios econ\u00f3micos (os que tem atribu\u00eddo o 3.\u00ba escal\u00e3o&#46;&#46;&#46;<\/p>\n","protected":false},"author":1,"featured_media":6799,"comment_status":"closed","ping_status":"open","sticky":false,"template":"","format":"standard","meta":{"footnotes":""},"categories":[1],"tags":[],"_links":{"self":[{"href":"https:\/\/www.aezuff.org\/extranet\/wp-json\/wp\/v2\/posts\/6798"}],"collection":[{"href":"https:\/\/www.aezuff.org\/extranet\/wp-json\/wp\/v2\/posts"}],"about":[{"href":"https:\/\/www.aezuff.org\/extranet\/wp-json\/wp\/v2\/types\/post"}],"author":[{"embeddable":true,"href":"https:\/\/www.aezuff.org\/extranet\/wp-json\/wp\/v2\/users\/1"}],"replies":[{"embeddable":true,"href":"https:\/\/www.aezuff.org\/extranet\/wp-json\/wp\/v2\/comments?post=6798"}],"version-history":[{"count":1,"href":"https:\/\/www.aezuff.org\/extranet\/wp-json\/wp\/v2\/posts\/6798\/revisions"}],"predecessor-version":[{"id":6800,"href":"https:\/\/www.aezuff.org\/extranet\/wp-json\/wp\/v2\/posts\/6798\/revisions\/6800"}],"wp:featuredmedia":[{"embeddable":true,"href":"https:\/\/www.aezuff.org\/extranet\/wp-json\/wp\/v2\/media\/6799"}],"wp:attachment":[{"href":"https:\/\/www.aezuff.org\/extranet\/wp-json\/wp\/v2\/media?parent=6798"}],"wp:term":[{"taxonomy":"category","embeddable":true,"href":"https:\/\/www.aezuff.org\/extranet\/wp-json\/wp\/v2\/categories?post=6798"},{"taxonomy":"post_tag","embeddable":true,"href":"https:\/\/www.aezuff.org\/extranet\/wp-json\/wp\/v2\/tags?post=6798"}],"curies":[{"name":"wp","href":"https:\/\/api.w.org\/{rel}","templated":true}]}}