{"id":7669,"date":"2018-03-02T15:57:46","date_gmt":"2018-03-02T15:57:46","guid":{"rendered":"http:\/\/www.aezuff.org\/extranet\/?p=7669"},"modified":"2018-03-02T15:57:46","modified_gmt":"2018-03-02T15:57:46","slug":"2-o-encontro-de-atividades-ritmica-e-expressiva","status":"publish","type":"post","link":"https:\/\/www.aezuff.org\/extranet\/2-o-encontro-de-atividades-ritmica-e-expressiva\/","title":{"rendered":"2.\u00ba Encontro de Atividades R\u00edtmica e Expressiva"},"content":{"rendered":"<p><a href=\"http:\/\/www.aezuff.org\/extranet\/wp-content\/uploads\/2012\/10\/\/2018\/03\/arranjo2.jpg\"><img decoding=\"async\" loading=\"lazy\" class=\"size-medium wp-image-7668 alignnone\" src=\"http:\/\/www.aezuff.org\/extranet\/wp-content\/uploads\/2012\/10\/\/2018\/03\/arranjo2-300x300.jpg\" alt=\"\" width=\"300\" height=\"300\" srcset=\"https:\/\/www.aezuff.org\/extranet\/http:\/\/www.aezuff.org\/extranet\/wp-content\/uploads\/2012\/10\/2018\/03\/arranjo2-300x300.jpg 300w, https:\/\/www.aezuff.org\/extranet\/http:\/\/www.aezuff.org\/extranet\/wp-content\/uploads\/2012\/10\/2018\/03\/arranjo2-150x150.jpg 150w, https:\/\/www.aezuff.org\/extranet\/http:\/\/www.aezuff.org\/extranet\/wp-content\/uploads\/2012\/10\/2018\/03\/arranjo2-768x768.jpg 768w, https:\/\/www.aezuff.org\/extranet\/http:\/\/www.aezuff.org\/extranet\/wp-content\/uploads\/2012\/10\/2018\/03\/arranjo2-1024x1024.jpg 1024w, https:\/\/www.aezuff.org\/extranet\/http:\/\/www.aezuff.org\/extranet\/wp-content\/uploads\/2012\/10\/2018\/03\/arranjo2-160x160.jpg 160w, https:\/\/www.aezuff.org\/extranet\/http:\/\/www.aezuff.org\/extranet\/wp-content\/uploads\/2012\/10\/2018\/03\/arranjo2-320x320.jpg 320w, https:\/\/www.aezuff.org\/extranet\/http:\/\/www.aezuff.org\/extranet\/wp-content\/uploads\/2012\/10\/2018\/03\/arranjo2.jpg 1200w\" sizes=\"(max-width: 300px) 100vw, 300px\" \/><\/a><a href=\"http:\/\/www.aezuff.org\/extranet\/wp-content\/uploads\/2012\/10\/\/2018\/03\/arranjo-1.jpg\"><img decoding=\"async\" loading=\"lazy\" class=\"size-medium wp-image-7667 alignright\" src=\"http:\/\/www.aezuff.org\/extranet\/wp-content\/uploads\/2012\/10\/\/2018\/03\/arranjo-1-300x300.jpg\" alt=\"\" width=\"300\" height=\"300\" srcset=\"https:\/\/www.aezuff.org\/extranet\/http:\/\/www.aezuff.org\/extranet\/wp-content\/uploads\/2012\/10\/2018\/03\/arranjo-1-300x300.jpg 300w, https:\/\/www.aezuff.org\/extranet\/http:\/\/www.aezuff.org\/extranet\/wp-content\/uploads\/2012\/10\/2018\/03\/arranjo-1-150x150.jpg 150w, https:\/\/www.aezuff.org\/extranet\/http:\/\/www.aezuff.org\/extranet\/wp-content\/uploads\/2012\/10\/2018\/03\/arranjo-1-768x768.jpg 768w, https:\/\/www.aezuff.org\/extranet\/http:\/\/www.aezuff.org\/extranet\/wp-content\/uploads\/2012\/10\/2018\/03\/arranjo-1-1024x1024.jpg 1024w, https:\/\/www.aezuff.org\/extranet\/http:\/\/www.aezuff.org\/extranet\/wp-content\/uploads\/2012\/10\/2018\/03\/arranjo-1-160x160.jpg 160w, https:\/\/www.aezuff.org\/extranet\/http:\/\/www.aezuff.org\/extranet\/wp-content\/uploads\/2012\/10\/2018\/03\/arranjo-1-320x320.jpg 320w, https:\/\/www.aezuff.org\/extranet\/http:\/\/www.aezuff.org\/extranet\/wp-content\/uploads\/2012\/10\/2018\/03\/arranjo-1.jpg 1200w\" sizes=\"(max-width: 300px) 100vw, 300px\" \/><\/a><\/p>\n<p>&nbsp;<\/p>\n<p><span style=\"color: #000000; font-family: Calibri;\">Teve lugar, no dia 28 de fevereiro, o 2.\u00ba Encontro Local de Atividades R\u00edtmicas e Expressivas, no \u00e2mbito do Desporto Escolar, organizado pela nossa Escola. <span style=\"color: #000000; font-family: Calibri;\">A EB 2,3 Dr. Jo\u00e3o de Barros venceu o 1.\u00ba lugar no n\u00edvel Introdut\u00f3rio\/Elementar com as coreografias &#8220;Heart Beat&#8221; e &#8220;Xutos a Dan\u00e7ar&#8221;. <span style=\"color: #000000; font-family: Calibri;\">As Alunas\u00a0Andreia Santos, Ariana Ferreira, Beatriz Braz\u00e3o, Belisa Miguel, Carolina Sim\u00f5es, In\u00eas Dias, In\u00eas Gon\u00e7alves, Joana Oliveira, Juliana Relvas, Maria Leonor Sim\u00f5es e Sofia Oliveira integraram o grupo de atletas. Como ju\u00edzes de prova participaram as alunas Carlota Pedro, Carolina Martins, Mariana Calha\u00e7o, Matilde Ladeiro e Rita Cruz.\u00a0<span style=\"color: #000000; font-family: Calibri;\">Uma vez que a organiza\u00e7\u00e3o foi da nossa responsabilidade, integraram o grupo do STAFF as Alunas Adriana Monteiro, Ana Rodrigues, Andreia Quintaneiro, Beatriz Lima, Carolina Almeida, Carolina Santos, Carolina Silva, Constan\u00e7a Guardado, Cristiana Ribeiro, Daniela Almeida, Gabriela Falc\u00e3o, In\u00eas Rodrigues e Matilde Oliveira.<\/span><\/span><\/span><\/span><\/p>\n<p><span style=\"color: #000000; font-family: Calibri;\">Professores de Educa\u00e7\u00e3o F\u00edsica, Dire\u00e7\u00e3o do Agrupamento e os elementos do Pessoal N\u00e3o Docente do Pavilh\u00e3o Gimnodesportivo e da Escola foram, igualmente, fundamentais para o sucesso desta atividade.<\/span><\/p>\n<p><span style=\"color: #000000; font-family: Calibri;\">Vamos Dan\u00e7ar?<\/span><\/p>\n<p>&nbsp;<\/p>\n<span class=\"synved-social-container synved-social-container-follow\"><a class=\"synved-social-button synved-social-button-follow synved-social-size-24 synved-social-resolution-single synved-social-provider-facebook nolightbox\" data-provider=\"facebook\" target=\"_blank\" rel=\"nofollow\" title=\"Siga-nos no Facebook\" href=\"https:\/\/www.facebook.com\/pages\/Agrupamento-de-Escolas-da-Zona-Urbana-da-Figueira-da-Foz\/112980278714783\" style=\"font-size: 0px; width:24px;height:24px;margin:0;margin-bottom:5px;margin-right:5px;\"><img alt=\"Facebook\" title=\"Siga-nos no Facebook\" class=\"synved-share-image synved-social-image synved-social-image-follow\" width=\"24\" height=\"24\" style=\"display: inline; width:24px;height:24px; margin: 0; padding: 0; border: none; box-shadow: none;\" src=\"https:\/\/www.aezuff.org\/extranet\/wp-content\/plugins\/social-media-feather\/synved-social\/addons\/extra-icons\/image\/social\/flag\/48x48\/facebook.png\" \/><\/a><a class=\"synved-social-button synved-social-button-follow synved-social-size-24 synved-social-resolution-single synved-social-provider-twitter nolightbox\" data-provider=\"twitter\" target=\"_blank\" rel=\"nofollow\" title=\"Siga-nos no Twitter\" href=\"https:\/\/twitter.com\/aezuff\" style=\"font-size: 0px; width:24px;height:24px;margin:0;margin-bottom:5px;margin-right:5px;\"><img alt=\"twitter\" title=\"Siga-nos no Twitter\" class=\"synved-share-image synved-social-image synved-social-image-follow\" width=\"24\" height=\"24\" style=\"display: inline; width:24px;height:24px; margin: 0; padding: 0; border: none; box-shadow: none;\" src=\"https:\/\/www.aezuff.org\/extranet\/wp-content\/plugins\/social-media-feather\/synved-social\/addons\/extra-icons\/image\/social\/flag\/48x48\/twitter.png\" \/><\/a><a class=\"synved-social-button synved-social-button-follow synved-social-size-24 synved-social-resolution-single synved-social-provider-youtube nolightbox\" data-provider=\"youtube\" target=\"_blank\" rel=\"nofollow\" title=\"Subscreva-nos no YouTube\" href=\"http:\/\/www.youtube.com\/user\/actividadeseb23jb\" style=\"font-size: 0px; width:24px;height:24px;margin:0;margin-bottom:5px;\"><img alt=\"youtube\" title=\"Subscreva-nos no YouTube\" class=\"synved-share-image synved-social-image synved-social-image-follow\" width=\"24\" height=\"24\" style=\"display: inline; width:24px;height:24px; margin: 0; padding: 0; border: none; box-shadow: none;\" src=\"https:\/\/www.aezuff.org\/extranet\/wp-content\/plugins\/social-media-feather\/synved-social\/addons\/extra-icons\/image\/social\/flag\/48x48\/youtube.png\" \/><\/a><a class=\"synved-social-credit\" target=\"_blank\" rel=\"nofollow\" title=\"WordPress Social Media Feather\" href=\"http:\/\/synved.com\/wordpress-social-media-feather\/\" style=\"color:#444; text-decoration:none; font-size:8px; margin-left:5px;vertical-align:10px;white-space:nowrap;\"><span>by <\/span><img style=\"display: inline;margin:0;padding:0;width:16px;height:16px;\" width=\"16\" height=\"16\" alt=\"feather\" src=\"https:\/\/www.aezuff.org\/extranet\/wp-content\/plugins\/social-media-feather\/synved-social\/image\/icon.png\" \/><\/a><\/span>","protected":false},"excerpt":{"rendered":"<p>&nbsp; Teve lugar, no dia 28 de fevereiro, o 2.\u00ba Encontro Local de Atividades R\u00edtmicas e Expressivas, no \u00e2mbito do Desporto Escolar, organizado pela nossa Escola. A EB 2,3 Dr. Jo\u00e3o de Barros venceu&#46;&#46;&#46;<\/p>\n","protected":false},"author":1,"featured_media":7667,"comment_status":"closed","ping_status":"open","sticky":false,"template":"","format":"standard","meta":{"footnotes":""},"categories":[1],"tags":[],"_links":{"self":[{"href":"https:\/\/www.aezuff.org\/extranet\/wp-json\/wp\/v2\/posts\/7669"}],"collection":[{"href":"https:\/\/www.aezuff.org\/extranet\/wp-json\/wp\/v2\/posts"}],"about":[{"href":"https:\/\/www.aezuff.org\/extranet\/wp-json\/wp\/v2\/types\/post"}],"author":[{"embeddable":true,"href":"https:\/\/www.aezuff.org\/extranet\/wp-json\/wp\/v2\/users\/1"}],"replies":[{"embeddable":true,"href":"https:\/\/www.aezuff.org\/extranet\/wp-json\/wp\/v2\/comments?post=7669"}],"version-history":[{"count":1,"href":"https:\/\/www.aezuff.org\/extranet\/wp-json\/wp\/v2\/posts\/7669\/revisions"}],"predecessor-version":[{"id":7670,"href":"https:\/\/www.aezuff.org\/extranet\/wp-json\/wp\/v2\/posts\/7669\/revisions\/7670"}],"wp:featuredmedia":[{"embeddable":true,"href":"https:\/\/www.aezuff.org\/extranet\/wp-json\/wp\/v2\/media\/7667"}],"wp:attachment":[{"href":"https:\/\/www.aezuff.org\/extranet\/wp-json\/wp\/v2\/media?parent=7669"}],"wp:term":[{"taxonomy":"category","embeddable":true,"href":"https:\/\/www.aezuff.org\/extranet\/wp-json\/wp\/v2\/categories?post=7669"},{"taxonomy":"post_tag","embeddable":true,"href":"https:\/\/www.aezuff.org\/extranet\/wp-json\/wp\/v2\/tags?post=7669"}],"curies":[{"name":"wp","href":"https:\/\/api.w.org\/{rel}","templated":true}]}}