{"id":7676,"date":"2019-02-17T17:37:53","date_gmt":"2019-02-17T17:37:53","guid":{"rendered":"http:\/\/www.aezuff.org\/extranet\/?p=7676"},"modified":"2019-02-17T18:03:32","modified_gmt":"2019-02-17T18:03:32","slug":"8-o-concurso-de-danca-jb","status":"publish","type":"post","link":"https:\/\/www.aezuff.org\/extranet\/8-o-concurso-de-danca-jb\/","title":{"rendered":"9.\u00ba Concurso de Dan\u00e7a JB"},"content":{"rendered":"<p><a href=\"http:\/\/www.aezuff.org\/extranet\/wp-content\/uploads\/2012\/10\/\/2018\/03\/9.\u00ba-Concurso-de-Dan\u00e7a-JBarros_cartaz.jpg\"><img decoding=\"async\" loading=\"lazy\" class=\"size-medium wp-image-8761 alignleft\" src=\"http:\/\/www.aezuff.org\/extranet\/wp-content\/uploads\/2012\/10\/\/2018\/03\/9.\u00ba-Concurso-de-Dan\u00e7a-JBarros_cartaz-214x300.jpg\" alt=\"\" width=\"214\" height=\"300\" srcset=\"https:\/\/www.aezuff.org\/extranet\/http:\/\/www.aezuff.org\/extranet\/wp-content\/uploads\/2012\/10\/2018\/03\/9.\u00ba-Concurso-de-Dan\u00e7a-JBarros_cartaz-214x300.jpg 214w, https:\/\/www.aezuff.org\/extranet\/http:\/\/www.aezuff.org\/extranet\/wp-content\/uploads\/2012\/10\/2018\/03\/9.\u00ba-Concurso-de-Dan\u00e7a-JBarros_cartaz-732x1024.jpg 732w, https:\/\/www.aezuff.org\/extranet\/http:\/\/www.aezuff.org\/extranet\/wp-content\/uploads\/2012\/10\/2018\/03\/9.\u00ba-Concurso-de-Dan\u00e7a-JBarros_cartaz.jpg 756w\" sizes=\"(max-width: 214px) 100vw, 214px\" \/><\/a>Vai ter lugar, no dia\u00a004 de\u00a0maio de 2019, com in\u00edcio \u00e0s 10h00, no Pavilh\u00e3o Gimnodesportivo da EB 2-3 Dr. Jo\u00e3o de Barros, o 9.\u00ba Concurso de Dan\u00e7a JB.<\/p>\n<p>Os alunos do nosso Agrupamento (1.\u00ba, 2.\u00ba e 3.\u00ba Ciclos) poder\u00e3o inscrever-se at\u00e9 ao dia\u00a030 de abril, competindo individualmente ou em grupo. O Regulamento do Concurso e a Ficha de Inscri\u00e7\u00e3o est\u00e3o j\u00e1 dispon\u00edveis para consulta.<\/p>\n<p>Os\u00a0<b>Vencedores<\/b>\u00a0do\u00a09.<span class=\"m_-1594956673826043685gmail-il\">\u00ba<\/span>\u00a0<span class=\"m_-1594956673826043685gmail-il\">Concurso<\/span>\u00a0de\u00a0<span class=\"m_-1594956673826043685gmail-il\">Dan\u00e7a<\/span>\u00a0JB (do 1.<span class=\"m_-1594956673826043685gmail-il\">\u00ba<\/span>, 2.<span class=\"m_-1594956673826043685gmail-il\">\u00ba<\/span>\u00a0e 3.<span class=\"m_-1594956673826043685gmail-il\">\u00ba<\/span>\u00a0Ciclos), apresentar-se-\u00e3o no &#8220;VIV&#8217;AEZUFF&#8221;, Dia do Agrupamento, que ter\u00e1 lugar no dia 14 de junho de 2019, na EB 2-3 Dr. Jo\u00e3o\u00a0de\u00a0<span class=\"m_-1594956673826043685gmail-il\">Barros.<\/span><\/p>\n<div>Vamos Dan\u00e7ar?<\/div>\n<h3 style=\"text-align: center;\"><a href=\"http:\/\/www.aezuff.org\/extranet\/wp-content\/uploads\/2012\/10\/\/2018\/03\/Regulamento-9.\u00ba-Concurso-Dan\u00e7a-JB_4-maio_2019.pdf\"><em><span style=\"color: #ff6600;\"><strong>Regulamento do 9.\u00ba Concurso de Dan\u00e7a JB<\/strong><\/span><\/em><\/a><\/h3>\n<h3 style=\"text-align: center;\"><a href=\"http:\/\/www.aezuff.org\/extranet\/wp-content\/uploads\/2012\/10\/\/2018\/03\/Ficha-de-Inscri\u00e7\u00e3o-9.\u00ba-Concurso-de-Dan\u00e7a-JB.pdf\"><span style=\"color: #008000;\"><em><strong>Ficha de Inscri\u00e7\u00e3o<\/strong><\/em><\/span><\/a><\/h3>\n<span class=\"synved-social-container synved-social-container-follow\"><a class=\"synved-social-button synved-social-button-follow synved-social-size-24 synved-social-resolution-single synved-social-provider-facebook nolightbox\" data-provider=\"facebook\" target=\"_blank\" rel=\"nofollow\" title=\"Siga-nos no Facebook\" href=\"https:\/\/www.facebook.com\/pages\/Agrupamento-de-Escolas-da-Zona-Urbana-da-Figueira-da-Foz\/112980278714783\" style=\"font-size: 0px; width:24px;height:24px;margin:0;margin-bottom:5px;margin-right:5px;\"><img alt=\"Facebook\" title=\"Siga-nos no Facebook\" class=\"synved-share-image synved-social-image synved-social-image-follow\" width=\"24\" height=\"24\" style=\"display: inline; width:24px;height:24px; margin: 0; padding: 0; border: none; box-shadow: none;\" src=\"https:\/\/www.aezuff.org\/extranet\/wp-content\/plugins\/social-media-feather\/synved-social\/addons\/extra-icons\/image\/social\/flag\/48x48\/facebook.png\" \/><\/a><a class=\"synved-social-button synved-social-button-follow synved-social-size-24 synved-social-resolution-single synved-social-provider-twitter nolightbox\" data-provider=\"twitter\" target=\"_blank\" rel=\"nofollow\" title=\"Siga-nos no Twitter\" href=\"https:\/\/twitter.com\/aezuff\" style=\"font-size: 0px; width:24px;height:24px;margin:0;margin-bottom:5px;margin-right:5px;\"><img alt=\"twitter\" title=\"Siga-nos no Twitter\" class=\"synved-share-image synved-social-image synved-social-image-follow\" width=\"24\" height=\"24\" style=\"display: inline; width:24px;height:24px; margin: 0; padding: 0; border: none; box-shadow: none;\" src=\"https:\/\/www.aezuff.org\/extranet\/wp-content\/plugins\/social-media-feather\/synved-social\/addons\/extra-icons\/image\/social\/flag\/48x48\/twitter.png\" \/><\/a><a class=\"synved-social-button synved-social-button-follow synved-social-size-24 synved-social-resolution-single synved-social-provider-youtube nolightbox\" data-provider=\"youtube\" target=\"_blank\" rel=\"nofollow\" title=\"Subscreva-nos no YouTube\" href=\"http:\/\/www.youtube.com\/user\/actividadeseb23jb\" style=\"font-size: 0px; width:24px;height:24px;margin:0;margin-bottom:5px;\"><img alt=\"youtube\" title=\"Subscreva-nos no YouTube\" class=\"synved-share-image synved-social-image synved-social-image-follow\" width=\"24\" height=\"24\" style=\"display: inline; width:24px;height:24px; margin: 0; padding: 0; border: none; box-shadow: none;\" src=\"https:\/\/www.aezuff.org\/extranet\/wp-content\/plugins\/social-media-feather\/synved-social\/addons\/extra-icons\/image\/social\/flag\/48x48\/youtube.png\" \/><\/a><a class=\"synved-social-credit\" target=\"_blank\" rel=\"nofollow\" title=\"WordPress Social Media Feather\" href=\"http:\/\/synved.com\/wordpress-social-media-feather\/\" style=\"color:#444; text-decoration:none; font-size:8px; margin-left:5px;vertical-align:10px;white-space:nowrap;\"><span>by <\/span><img style=\"display: inline;margin:0;padding:0;width:16px;height:16px;\" width=\"16\" height=\"16\" alt=\"feather\" src=\"https:\/\/www.aezuff.org\/extranet\/wp-content\/plugins\/social-media-feather\/synved-social\/image\/icon.png\" \/><\/a><\/span>","protected":false},"excerpt":{"rendered":"<p>Vai ter lugar, no dia\u00a004 de\u00a0maio de 2019, com in\u00edcio \u00e0s 10h00, no Pavilh\u00e3o Gimnodesportivo da EB 2-3 Dr. Jo\u00e3o de Barros, o 9.\u00ba Concurso de Dan\u00e7a JB. Os alunos do nosso Agrupamento (1.\u00ba,&#46;&#46;&#46;<\/p>\n","protected":false},"author":1,"featured_media":8767,"comment_status":"closed","ping_status":"open","sticky":false,"template":"","format":"standard","meta":{"footnotes":""},"categories":[1],"tags":[],"_links":{"self":[{"href":"https:\/\/www.aezuff.org\/extranet\/wp-json\/wp\/v2\/posts\/7676"}],"collection":[{"href":"https:\/\/www.aezuff.org\/extranet\/wp-json\/wp\/v2\/posts"}],"about":[{"href":"https:\/\/www.aezuff.org\/extranet\/wp-json\/wp\/v2\/types\/post"}],"author":[{"embeddable":true,"href":"https:\/\/www.aezuff.org\/extranet\/wp-json\/wp\/v2\/users\/1"}],"replies":[{"embeddable":true,"href":"https:\/\/www.aezuff.org\/extranet\/wp-json\/wp\/v2\/comments?post=7676"}],"version-history":[{"count":12,"href":"https:\/\/www.aezuff.org\/extranet\/wp-json\/wp\/v2\/posts\/7676\/revisions"}],"predecessor-version":[{"id":8768,"href":"https:\/\/www.aezuff.org\/extranet\/wp-json\/wp\/v2\/posts\/7676\/revisions\/8768"}],"wp:featuredmedia":[{"embeddable":true,"href":"https:\/\/www.aezuff.org\/extranet\/wp-json\/wp\/v2\/media\/8767"}],"wp:attachment":[{"href":"https:\/\/www.aezuff.org\/extranet\/wp-json\/wp\/v2\/media?parent=7676"}],"wp:term":[{"taxonomy":"category","embeddable":true,"href":"https:\/\/www.aezuff.org\/extranet\/wp-json\/wp\/v2\/categories?post=7676"},{"taxonomy":"post_tag","embeddable":true,"href":"https:\/\/www.aezuff.org\/extranet\/wp-json\/wp\/v2\/tags?post=7676"}],"curies":[{"name":"wp","href":"https:\/\/api.w.org\/{rel}","templated":true}]}}