{"id":7763,"date":"2018-03-25T22:31:18","date_gmt":"2018-03-25T22:31:18","guid":{"rendered":"http:\/\/www.aezuff.org\/extranet\/?p=7763"},"modified":"2018-03-25T22:31:18","modified_gmt":"2018-03-25T22:31:18","slug":"escola-dr-joao-de-barros-no-mega-sprinter-nacional-14a-edicao-23-e-24-de-marco-2018","status":"publish","type":"post","link":"https:\/\/www.aezuff.org\/extranet\/escola-dr-joao-de-barros-no-mega-sprinter-nacional-14a-edicao-23-e-24-de-marco-2018\/","title":{"rendered":"Escola Dr. Jo\u00e3o de Barros no MEGA SPRINTER NACIONAL \u2013 14\u00aa edi\u00e7\u00e3o &#8211; 23 e 24 de mar\u00e7o 2018"},"content":{"rendered":"<div style=\"width: 854px;\" class=\"wp-video\"><!--[if lt IE 9]><script>document.createElement('video');<\/script><![endif]-->\n<video class=\"wp-video-shortcode\" id=\"video-7763-1\" width=\"854\" height=\"480\" preload=\"metadata\" controls=\"controls\"><source type=\"video\/mp4\" src=\"http:\/\/www.aezuff.org\/extranet\/wp-content\/uploads\/2012\/10\/\/2018\/03\/Mega-Sprinter-Nacional-2018.mp4?_=1\" \/><a href=\"http:\/\/www.aezuff.org\/extranet\/wp-content\/uploads\/2012\/10\/\/2018\/03\/Mega-Sprinter-Nacional-2018.mp4\">http:\/\/www.aezuff.org\/extranet\/wp-content\/uploads\/2012\/10\/\/2018\/03\/Mega-Sprinter-Nacional-2018.mp4<\/a><\/video><\/div>\n<p>Destaque para <strong>Beatriz Cruz \u2013 9\u00ba E<\/strong> e <strong>Soraia Brito \u2013 9\u00ba<\/strong> <strong>A<\/strong>: Classificadas em 3.\u00ba lugar no Campeonato Nacional de Mega Sprinter &#8211; Corrida de Estafetas<\/p>\n<p>A Escola Dr. Jo\u00e3o de Barros marcou mais uma vez a sua presen\u00e7a na 14\u00aa edi\u00e7\u00e3o do Nacional de Mega Sprinter que se realizou no Est\u00e1dio Universit\u00e1rio de Lisboa, nos dias 23 e 24 de mar\u00e7o, onde participaram cerca de mil atletas de todo o territ\u00f3rio Nacional, incluindo a Regi\u00e3o Aut\u00f3noma dos A\u00e7ores. Desde o in\u00edcio deste projeto\/ competi\u00e7\u00e3o, participaram mais de 17 mil alunos e cerca de 800 escolas, em todas as fases interm\u00e9dias (fase escola e fase regional), que levaram ao apuramento para a fase Nacional.<\/p>\n<p>Este evento realizou-se sob a coordena\u00e7\u00e3o de DGEstE \/ Dire\u00e7\u00e3o da Regi\u00e3o de Lisboa e Vale do Tejo, Federa\u00e7\u00e3o Portuguesa e Associa\u00e7\u00e3o de Atletismo e C\u00e2mara Municipal de Lisboa.<\/p>\n<p>As provas disputaram-se 6.\u00aa feira e s\u00e1bado, incluindo provas de Sprint \u2013 40m, Salto em Comprimento, Lan\u00e7amento de Peso e Lan\u00e7amento Adaptado. A cerim\u00f3nia de abertura n\u00e3o se realizou, pois as condi\u00e7\u00f5es clim\u00e1ticas foram p\u00e9ssimas, com muita chuva, frio e muito vento. Fernando Mamede, fundista de relevo, que deteve o recorde mundial dos 10 000 metros entre 1984 e 89, distribuiu medalhas aos diversos atletas.<\/p>\n<p>Estiveram presentes neste evento as Campe\u00e3s Distritais da nossa escola, a citar: M\u00aa Leonor Sim\u00f5es \u2013 5.\u00ba 11 &#8211; 40 m e Salto em comprimento; Beatriz Cruz &#8211; 9.\u00ba E &#8211; Salto em comprimento e 40 m e Soraia Brito \u2013 9.\u00ba A \u2013 40 m, tendo obtido \u00f3ptimas classifica\u00e7\u00f5es, com apuramentos para as finais. O maior destaque foi para a Prova de Estafetas (no escal\u00e3o de Iniciados e Juvenis), em que a respetiva equipa ficou classificada em 3.\u00ba lugar, participando as alunas, <strong>Soraia Brito<\/strong> e <strong>Beatriz Cruz<\/strong>. Estas duas atletas, que t\u00e3o bem representaram a nossa escola no Mega Nacional ao longo do tempo, desde os seus 10 anos de idade, j\u00e1 terminam este ano o 3.\u00ba Ciclo e sair\u00e3o com muita pena do nosso conv\u00edvio. Um louvor para elas e votos de um excelente percurso desportivo! Para l\u00e1 da competi\u00e7\u00e3o, a mais-valia deste evento passou pela troca de experi\u00eancias entre todos, destacando o excelente comportamento e empenho do grupo de alunos envolvidos.<\/p>\n<p>Muitos parab\u00e9ns a todos!<\/p>\n<p>&nbsp;<\/p>\n<span class=\"synved-social-container synved-social-container-follow\"><a class=\"synved-social-button synved-social-button-follow synved-social-size-24 synved-social-resolution-single synved-social-provider-facebook nolightbox\" data-provider=\"facebook\" target=\"_blank\" rel=\"nofollow\" title=\"Siga-nos no Facebook\" href=\"https:\/\/www.facebook.com\/pages\/Agrupamento-de-Escolas-da-Zona-Urbana-da-Figueira-da-Foz\/112980278714783\" style=\"font-size: 0px; width:24px;height:24px;margin:0;margin-bottom:5px;margin-right:5px;\"><img alt=\"Facebook\" title=\"Siga-nos no Facebook\" class=\"synved-share-image synved-social-image synved-social-image-follow\" width=\"24\" height=\"24\" style=\"display: inline; width:24px;height:24px; margin: 0; padding: 0; border: none; box-shadow: none;\" src=\"https:\/\/www.aezuff.org\/extranet\/wp-content\/plugins\/social-media-feather\/synved-social\/addons\/extra-icons\/image\/social\/flag\/48x48\/facebook.png\" \/><\/a><a class=\"synved-social-button synved-social-button-follow synved-social-size-24 synved-social-resolution-single synved-social-provider-twitter nolightbox\" data-provider=\"twitter\" target=\"_blank\" rel=\"nofollow\" title=\"Siga-nos no Twitter\" href=\"https:\/\/twitter.com\/aezuff\" style=\"font-size: 0px; width:24px;height:24px;margin:0;margin-bottom:5px;margin-right:5px;\"><img alt=\"twitter\" title=\"Siga-nos no Twitter\" class=\"synved-share-image synved-social-image synved-social-image-follow\" width=\"24\" height=\"24\" style=\"display: inline; width:24px;height:24px; margin: 0; padding: 0; border: none; box-shadow: none;\" src=\"https:\/\/www.aezuff.org\/extranet\/wp-content\/plugins\/social-media-feather\/synved-social\/addons\/extra-icons\/image\/social\/flag\/48x48\/twitter.png\" \/><\/a><a class=\"synved-social-button synved-social-button-follow synved-social-size-24 synved-social-resolution-single synved-social-provider-youtube nolightbox\" data-provider=\"youtube\" target=\"_blank\" rel=\"nofollow\" title=\"Subscreva-nos no YouTube\" href=\"http:\/\/www.youtube.com\/user\/actividadeseb23jb\" style=\"font-size: 0px; width:24px;height:24px;margin:0;margin-bottom:5px;\"><img alt=\"youtube\" title=\"Subscreva-nos no YouTube\" class=\"synved-share-image synved-social-image synved-social-image-follow\" width=\"24\" height=\"24\" style=\"display: inline; width:24px;height:24px; margin: 0; padding: 0; border: none; box-shadow: none;\" src=\"https:\/\/www.aezuff.org\/extranet\/wp-content\/plugins\/social-media-feather\/synved-social\/addons\/extra-icons\/image\/social\/flag\/48x48\/youtube.png\" \/><\/a><a class=\"synved-social-credit\" target=\"_blank\" rel=\"nofollow\" title=\"WordPress Social Media Feather\" href=\"http:\/\/synved.com\/wordpress-social-media-feather\/\" style=\"color:#444; text-decoration:none; font-size:8px; margin-left:5px;vertical-align:10px;white-space:nowrap;\"><span>by <\/span><img style=\"display: inline;margin:0;padding:0;width:16px;height:16px;\" width=\"16\" height=\"16\" alt=\"feather\" src=\"https:\/\/www.aezuff.org\/extranet\/wp-content\/plugins\/social-media-feather\/synved-social\/image\/icon.png\" \/><\/a><\/span>","protected":false},"excerpt":{"rendered":"<p>Destaque para Beatriz Cruz \u2013 9\u00ba E e Soraia Brito \u2013 9\u00ba A: Classificadas em 3.\u00ba lugar no Campeonato Nacional de Mega Sprinter &#8211; Corrida de Estafetas A Escola Dr. Jo\u00e3o de Barros marcou&#46;&#46;&#46;<\/p>\n","protected":false},"author":1,"featured_media":0,"comment_status":"closed","ping_status":"open","sticky":false,"template":"","format":"standard","meta":{"footnotes":""},"categories":[1],"tags":[],"_links":{"self":[{"href":"https:\/\/www.aezuff.org\/extranet\/wp-json\/wp\/v2\/posts\/7763"}],"collection":[{"href":"https:\/\/www.aezuff.org\/extranet\/wp-json\/wp\/v2\/posts"}],"about":[{"href":"https:\/\/www.aezuff.org\/extranet\/wp-json\/wp\/v2\/types\/post"}],"author":[{"embeddable":true,"href":"https:\/\/www.aezuff.org\/extranet\/wp-json\/wp\/v2\/users\/1"}],"replies":[{"embeddable":true,"href":"https:\/\/www.aezuff.org\/extranet\/wp-json\/wp\/v2\/comments?post=7763"}],"version-history":[{"count":1,"href":"https:\/\/www.aezuff.org\/extranet\/wp-json\/wp\/v2\/posts\/7763\/revisions"}],"predecessor-version":[{"id":7764,"href":"https:\/\/www.aezuff.org\/extranet\/wp-json\/wp\/v2\/posts\/7763\/revisions\/7764"}],"wp:attachment":[{"href":"https:\/\/www.aezuff.org\/extranet\/wp-json\/wp\/v2\/media?parent=7763"}],"wp:term":[{"taxonomy":"category","embeddable":true,"href":"https:\/\/www.aezuff.org\/extranet\/wp-json\/wp\/v2\/categories?post=7763"},{"taxonomy":"post_tag","embeddable":true,"href":"https:\/\/www.aezuff.org\/extranet\/wp-json\/wp\/v2\/tags?post=7763"}],"curies":[{"name":"wp","href":"https:\/\/api.w.org\/{rel}","templated":true}]}}