{"id":7866,"date":"2018-04-26T23:53:51","date_gmt":"2018-04-26T23:53:51","guid":{"rendered":"http:\/\/www.aezuff.org\/extranet\/?p=7866"},"modified":"2018-04-26T23:54:34","modified_gmt":"2018-04-26T23:54:34","slug":"spelling-bee-fourth-annual-2017-2018","status":"publish","type":"post","link":"https:\/\/www.aezuff.org\/extranet\/spelling-bee-fourth-annual-2017-2018\/","title":{"rendered":"Spelling Bee &#8211; Fourth Annual 2017-2018"},"content":{"rendered":"<p><a href=\"http:\/\/www.aezuff.org\/extranet\/wp-content\/uploads\/2012\/10\/\/2018\/04\/spelling-bee.jpg\"><img decoding=\"async\" loading=\"lazy\" class=\"aligncenter size-medium wp-image-7865\" src=\"http:\/\/www.aezuff.org\/extranet\/wp-content\/uploads\/2012\/10\/\/2018\/04\/spelling-bee-300x213.jpg\" alt=\"\" width=\"300\" height=\"213\" srcset=\"https:\/\/www.aezuff.org\/extranet\/http:\/\/www.aezuff.org\/extranet\/wp-content\/uploads\/2012\/10\/2018\/04\/spelling-bee-300x213.jpg 300w, https:\/\/www.aezuff.org\/extranet\/http:\/\/www.aezuff.org\/extranet\/wp-content\/uploads\/2012\/10\/2018\/04\/spelling-bee-768x545.jpg 768w, https:\/\/www.aezuff.org\/extranet\/http:\/\/www.aezuff.org\/extranet\/wp-content\/uploads\/2012\/10\/2018\/04\/spelling-bee-1024x727.jpg 1024w, https:\/\/www.aezuff.org\/extranet\/http:\/\/www.aezuff.org\/extranet\/wp-content\/uploads\/2012\/10\/2018\/04\/spelling-bee.jpg 1200w\" sizes=\"(max-width: 300px) 100vw, 300px\" \/><\/a><\/p>\n<p>Decorreu no dia 19 de abril a final do Concurso &#8220;Spelling Bee&#8221; que se realizou pela 4.\u00aa vez na Escola Dr. Jo\u00e3o de Barros, promovido pelo Grupo Disciplinar de Ingl\u00eas, onde participaram alunos do 3.\u00ba ao 8.\u00ba anos. Trata-se de um projeto, que, de forma descontra\u00edda, permitiu aos participantes melhorar o vocabul\u00e1rio, aprender novos conceitos e desenvolver o uso correto do Ingl\u00eas, o que os ir\u00e1 ajudar na vida futura. O evento desenvolveu-se em duas fases: numa primeira fase a n\u00edvel de turma, os alunos foram sujeitos a uma sele\u00e7\u00e3o. Depois de apurados os alunos com o melhor desempenho, passou-se \u00e0 2.\u00aa fase. Nesta fase pretendia-se apurar um finalista por turma no 1.\u00ba e 2.\u00baciclos e dois finalistas por turma no 3.\u00ba ciclo. Estes finalistas estiveram presentes na final do dia 19 de abril, onde voltaram a soletrar palavras pronunciadas por um(a) professor(a) at\u00e9 serem eliminados sendo apurados o 1.\u00ba, 2.\u00ba e 3.\u00ba lugares para os alunos do 1.\u00ba ciclo e um finalista por ano, no 5.\u00ba, 6.\u00ba, 7.\u00ba e 8.\u00ba anos. No final foi entregues certificados de presen\u00e7a a todos os alunos.<\/p>\n<p>Lista de Vencedores<\/p>\n<p style=\"text-align: left;\">1.\u00ba Lugar 3.\u00ba ano: Joana Belo da Silva, 3.\u00ba A &#8211; Centro Escolar<\/p>\n<p style=\"text-align: left;\">2.\u00ba Lugar 3.\u00ba ano: Andr\u00e9 Van Rooyen, 3.\u00ba C &#8211; Centro Escolar<\/p>\n<ol style=\"text-align: left;\" start=\"3\">\n<li>\u00ba Lugar 3.\u00ba ano: Laura de Andrade Correia, 3.\u00ba B &#8211; Centro Escolar<\/li>\n<\/ol>\n<p style=\"text-align: left;\">1.\u00ba Lugar 4.\u00ba ano: Rodrigo Castelo Branco, 4.\u00ba B &#8211; Abadias<\/p>\n<p style=\"text-align: left;\">2.\u00ba Lugar 4.\u00ba ano: Jo\u00e3o Maria Abreu, 4.\u00ba A &#8211; Viso<\/p>\n<ol style=\"text-align: left;\" start=\"3\">\n<li>\u00ba Lugar 4.\u00ba ano: Filipe Daniel Nunes, 4.\u00ba A &#8211; Gala<\/li>\n<\/ol>\n<p style=\"text-align: left;\">1.\u00ba Lugar 5.\u00ba ano: Maria Jo\u00e3o dos Santos, n.\u00ba 13, 5.\u00ba 3<\/p>\n<p style=\"text-align: left;\">1.\u00ba Lugar 6.\u00ba ano: In\u00eas Anaisa Sandramo, n.\u00ba 10, 6.\u00ba 8<\/p>\n<p style=\"text-align: left;\">1.\u00ba Lugar 7.\u00ba ano: Francisco Marques Patr\u00e3o, n.\u00ba 7, 7.\u00ba C<\/p>\n<ol>\n<li style=\"text-align: left;\">\u00ba Lugar 8.\u00ba ano: Ana Beatriz Heitor, n.\u00ba 1, 8.\u00ba D<\/li>\n<\/ol>\n<p>A coordenadora adjunta:\u00a0 Ana\u00a0 Paula Neves<\/p>\n<span class=\"synved-social-container synved-social-container-follow\"><a class=\"synved-social-button synved-social-button-follow synved-social-size-24 synved-social-resolution-single synved-social-provider-facebook nolightbox\" data-provider=\"facebook\" target=\"_blank\" rel=\"nofollow\" title=\"Siga-nos no Facebook\" href=\"https:\/\/www.facebook.com\/pages\/Agrupamento-de-Escolas-da-Zona-Urbana-da-Figueira-da-Foz\/112980278714783\" style=\"font-size: 0px; width:24px;height:24px;margin:0;margin-bottom:5px;margin-right:5px;\"><img alt=\"Facebook\" title=\"Siga-nos no Facebook\" class=\"synved-share-image synved-social-image synved-social-image-follow\" width=\"24\" height=\"24\" style=\"display: inline; width:24px;height:24px; margin: 0; padding: 0; border: none; box-shadow: none;\" src=\"https:\/\/www.aezuff.org\/extranet\/wp-content\/plugins\/social-media-feather\/synved-social\/addons\/extra-icons\/image\/social\/flag\/48x48\/facebook.png\" \/><\/a><a class=\"synved-social-button synved-social-button-follow synved-social-size-24 synved-social-resolution-single synved-social-provider-twitter nolightbox\" data-provider=\"twitter\" target=\"_blank\" rel=\"nofollow\" title=\"Siga-nos no Twitter\" href=\"https:\/\/twitter.com\/aezuff\" style=\"font-size: 0px; width:24px;height:24px;margin:0;margin-bottom:5px;margin-right:5px;\"><img alt=\"twitter\" title=\"Siga-nos no Twitter\" class=\"synved-share-image synved-social-image synved-social-image-follow\" width=\"24\" height=\"24\" style=\"display: inline; width:24px;height:24px; margin: 0; padding: 0; border: none; box-shadow: none;\" src=\"https:\/\/www.aezuff.org\/extranet\/wp-content\/plugins\/social-media-feather\/synved-social\/addons\/extra-icons\/image\/social\/flag\/48x48\/twitter.png\" \/><\/a><a class=\"synved-social-button synved-social-button-follow synved-social-size-24 synved-social-resolution-single synved-social-provider-youtube nolightbox\" data-provider=\"youtube\" target=\"_blank\" rel=\"nofollow\" title=\"Subscreva-nos no YouTube\" href=\"http:\/\/www.youtube.com\/user\/actividadeseb23jb\" style=\"font-size: 0px; width:24px;height:24px;margin:0;margin-bottom:5px;\"><img alt=\"youtube\" title=\"Subscreva-nos no YouTube\" class=\"synved-share-image synved-social-image synved-social-image-follow\" width=\"24\" height=\"24\" style=\"display: inline; width:24px;height:24px; margin: 0; padding: 0; border: none; box-shadow: none;\" src=\"https:\/\/www.aezuff.org\/extranet\/wp-content\/plugins\/social-media-feather\/synved-social\/addons\/extra-icons\/image\/social\/flag\/48x48\/youtube.png\" \/><\/a><a class=\"synved-social-credit\" target=\"_blank\" rel=\"nofollow\" title=\"WordPress Social Media Feather\" href=\"http:\/\/synved.com\/wordpress-social-media-feather\/\" style=\"color:#444; text-decoration:none; font-size:8px; margin-left:5px;vertical-align:10px;white-space:nowrap;\"><span>by <\/span><img style=\"display: inline;margin:0;padding:0;width:16px;height:16px;\" width=\"16\" height=\"16\" alt=\"feather\" src=\"https:\/\/www.aezuff.org\/extranet\/wp-content\/plugins\/social-media-feather\/synved-social\/image\/icon.png\" \/><\/a><\/span>","protected":false},"excerpt":{"rendered":"<p>Decorreu no dia 19 de abril a final do Concurso &#8220;Spelling Bee&#8221; que se realizou pela 4.\u00aa vez na Escola Dr. Jo\u00e3o de Barros, promovido pelo Grupo Disciplinar de Ingl\u00eas, onde participaram alunos do&#46;&#46;&#46;<\/p>\n","protected":false},"author":1,"featured_media":7865,"comment_status":"closed","ping_status":"open","sticky":false,"template":"","format":"standard","meta":{"footnotes":""},"categories":[1],"tags":[],"_links":{"self":[{"href":"https:\/\/www.aezuff.org\/extranet\/wp-json\/wp\/v2\/posts\/7866"}],"collection":[{"href":"https:\/\/www.aezuff.org\/extranet\/wp-json\/wp\/v2\/posts"}],"about":[{"href":"https:\/\/www.aezuff.org\/extranet\/wp-json\/wp\/v2\/types\/post"}],"author":[{"embeddable":true,"href":"https:\/\/www.aezuff.org\/extranet\/wp-json\/wp\/v2\/users\/1"}],"replies":[{"embeddable":true,"href":"https:\/\/www.aezuff.org\/extranet\/wp-json\/wp\/v2\/comments?post=7866"}],"version-history":[{"count":2,"href":"https:\/\/www.aezuff.org\/extranet\/wp-json\/wp\/v2\/posts\/7866\/revisions"}],"predecessor-version":[{"id":7868,"href":"https:\/\/www.aezuff.org\/extranet\/wp-json\/wp\/v2\/posts\/7866\/revisions\/7868"}],"wp:featuredmedia":[{"embeddable":true,"href":"https:\/\/www.aezuff.org\/extranet\/wp-json\/wp\/v2\/media\/7865"}],"wp:attachment":[{"href":"https:\/\/www.aezuff.org\/extranet\/wp-json\/wp\/v2\/media?parent=7866"}],"wp:term":[{"taxonomy":"category","embeddable":true,"href":"https:\/\/www.aezuff.org\/extranet\/wp-json\/wp\/v2\/categories?post=7866"},{"taxonomy":"post_tag","embeddable":true,"href":"https:\/\/www.aezuff.org\/extranet\/wp-json\/wp\/v2\/tags?post=7866"}],"curies":[{"name":"wp","href":"https:\/\/api.w.org\/{rel}","templated":true}]}}