{"id":7878,"date":"2018-04-29T22:40:39","date_gmt":"2018-04-29T22:40:39","guid":{"rendered":"http:\/\/www.aezuff.org\/extranet\/?p=7878"},"modified":"2018-04-29T22:40:39","modified_gmt":"2018-04-29T22:40:39","slug":"alunos-contactam-com-o-escritor-goncalo-cadilhe","status":"publish","type":"post","link":"https:\/\/www.aezuff.org\/extranet\/alunos-contactam-com-o-escritor-goncalo-cadilhe\/","title":{"rendered":"ALUNOS CONTACTAM COM O ESCRITOR GON\u00c7ALO CADILHE"},"content":{"rendered":"<p><a href=\"http:\/\/www.aezuff.org\/extranet\/wp-content\/uploads\/2012\/10\/\/2018\/04\/cadilhe.jpg\"><img decoding=\"async\" loading=\"lazy\" class=\"aligncenter size-medium wp-image-7877\" src=\"http:\/\/www.aezuff.org\/extranet\/wp-content\/uploads\/2012\/10\/\/2018\/04\/cadilhe-300x300.jpg\" alt=\"\" width=\"300\" height=\"300\" srcset=\"https:\/\/www.aezuff.org\/extranet\/http:\/\/www.aezuff.org\/extranet\/wp-content\/uploads\/2012\/10\/2018\/04\/cadilhe-300x300.jpg 300w, https:\/\/www.aezuff.org\/extranet\/http:\/\/www.aezuff.org\/extranet\/wp-content\/uploads\/2012\/10\/2018\/04\/cadilhe-150x150.jpg 150w, https:\/\/www.aezuff.org\/extranet\/http:\/\/www.aezuff.org\/extranet\/wp-content\/uploads\/2012\/10\/2018\/04\/cadilhe-768x768.jpg 768w, https:\/\/www.aezuff.org\/extranet\/http:\/\/www.aezuff.org\/extranet\/wp-content\/uploads\/2012\/10\/2018\/04\/cadilhe-1024x1024.jpg 1024w, https:\/\/www.aezuff.org\/extranet\/http:\/\/www.aezuff.org\/extranet\/wp-content\/uploads\/2012\/10\/2018\/04\/cadilhe-160x160.jpg 160w, https:\/\/www.aezuff.org\/extranet\/http:\/\/www.aezuff.org\/extranet\/wp-content\/uploads\/2012\/10\/2018\/04\/cadilhe-320x320.jpg 320w, https:\/\/www.aezuff.org\/extranet\/http:\/\/www.aezuff.org\/extranet\/wp-content\/uploads\/2012\/10\/2018\/04\/cadilhe.jpg 1200w\" sizes=\"(max-width: 300px) 100vw, 300px\" \/><\/a><\/p>\n<p>No \u00e2mbito das comemora\u00e7\u00f5es do cinquenten\u00e1rio da Escola Jo\u00e3o de Barros, esteve presente no passado dia 26 de abril, no sal\u00e3o polivalente da escola, o ex-aluno Gon\u00e7alo Cadilhe. Esta foi mais uma iniciativa inclu\u00edda na vertente &#8220;Escola incubadora de talentos&#8221;. O escritor conversou com alunos do 6.\u00ba ano e explicou que desde muito cedo desenvolveu o gosto pelas viagens tendo abordado toda a sua experi\u00eancia de viajante ao longo dos \u00faltimos 20 anos atrav\u00e9s de fotografias bem representativas dessas viagens.<\/p>\n<p>O escritor e jornalista referiu que desde muito novo, come\u00e7ou a sair de casa com uma mochila \u00e0s costas. A sua primeira experi\u00eancia foi aos oito anos com os escuteiros, e a partir dessa altura aproveitava os fins-de-semana e f\u00e9rias escolares, para participar em acampamentos de v\u00e1rios dias, fora dos pais, de casa e da fam\u00edlia.<\/p>\n<p>Come\u00e7ou a tornar-se mais evidente que o jovem Cadilhe n\u00e3o queria largar esse estilo de vida. Por isso, apesar de n\u00e3o ter nenhum curso na \u00e1rea do jornalismo ou da comunica\u00e7\u00e3o, descobriu a sua aptid\u00e3o para a escrita e aliou o estilo de vida que o preenchia \u00e0 utilidade das experi\u00eancias das viagens que fazia. Viagens, biografias hist\u00f3ricas, surf e encontros de vida s\u00e3o os seus temas de elei\u00e7\u00e3o. Falou tamb\u00e9m de uma das suas paix\u00f5es que \u00e9 o surf, atividade que pratica regularmente desde, aproximadamente, os treze anos de idade. Por causa da necessidade de regressar com o trabalho feito, leva consigo um computador, m\u00e1quina fotogr\u00e1fica e cart\u00e3o de cr\u00e9dito. A ferramenta de trabalho n\u00e3o pode faltar.<\/p>\n<p>Por fim, respondeu \u00e0s quest\u00f5es colocadas pelos alunos, que ouviram com muita aten\u00e7\u00e3o as hist\u00f3rias e experi\u00eancias que o Gon\u00e7alo foi contando. Em 25 anos, Gon\u00e7alo Cadilhe j\u00e1 perdeu a conta aos quil\u00f3metros que fez, \u00e0s situa\u00e7\u00f5es delicadas que viveu e aos h\u00e1bitos estranhos que testemunhou por esse mundo fora.<\/p>\n<span class=\"synved-social-container synved-social-container-follow\"><a class=\"synved-social-button synved-social-button-follow synved-social-size-24 synved-social-resolution-single synved-social-provider-facebook nolightbox\" data-provider=\"facebook\" target=\"_blank\" rel=\"nofollow\" title=\"Siga-nos no Facebook\" href=\"https:\/\/www.facebook.com\/pages\/Agrupamento-de-Escolas-da-Zona-Urbana-da-Figueira-da-Foz\/112980278714783\" style=\"font-size: 0px; width:24px;height:24px;margin:0;margin-bottom:5px;margin-right:5px;\"><img alt=\"Facebook\" title=\"Siga-nos no Facebook\" class=\"synved-share-image synved-social-image synved-social-image-follow\" width=\"24\" height=\"24\" style=\"display: inline; width:24px;height:24px; margin: 0; padding: 0; border: none; box-shadow: none;\" src=\"https:\/\/www.aezuff.org\/extranet\/wp-content\/plugins\/social-media-feather\/synved-social\/addons\/extra-icons\/image\/social\/flag\/48x48\/facebook.png\" \/><\/a><a class=\"synved-social-button synved-social-button-follow synved-social-size-24 synved-social-resolution-single synved-social-provider-twitter nolightbox\" data-provider=\"twitter\" target=\"_blank\" rel=\"nofollow\" title=\"Siga-nos no Twitter\" href=\"https:\/\/twitter.com\/aezuff\" style=\"font-size: 0px; width:24px;height:24px;margin:0;margin-bottom:5px;margin-right:5px;\"><img alt=\"twitter\" title=\"Siga-nos no Twitter\" class=\"synved-share-image synved-social-image synved-social-image-follow\" width=\"24\" height=\"24\" style=\"display: inline; width:24px;height:24px; margin: 0; padding: 0; border: none; box-shadow: none;\" src=\"https:\/\/www.aezuff.org\/extranet\/wp-content\/plugins\/social-media-feather\/synved-social\/addons\/extra-icons\/image\/social\/flag\/48x48\/twitter.png\" \/><\/a><a class=\"synved-social-button synved-social-button-follow synved-social-size-24 synved-social-resolution-single synved-social-provider-youtube nolightbox\" data-provider=\"youtube\" target=\"_blank\" rel=\"nofollow\" title=\"Subscreva-nos no YouTube\" href=\"http:\/\/www.youtube.com\/user\/actividadeseb23jb\" style=\"font-size: 0px; width:24px;height:24px;margin:0;margin-bottom:5px;\"><img alt=\"youtube\" title=\"Subscreva-nos no YouTube\" class=\"synved-share-image synved-social-image synved-social-image-follow\" width=\"24\" height=\"24\" style=\"display: inline; width:24px;height:24px; margin: 0; padding: 0; border: none; box-shadow: none;\" src=\"https:\/\/www.aezuff.org\/extranet\/wp-content\/plugins\/social-media-feather\/synved-social\/addons\/extra-icons\/image\/social\/flag\/48x48\/youtube.png\" \/><\/a><a class=\"synved-social-credit\" target=\"_blank\" rel=\"nofollow\" title=\"WordPress Social Media Feather\" href=\"http:\/\/synved.com\/wordpress-social-media-feather\/\" style=\"color:#444; text-decoration:none; font-size:8px; margin-left:5px;vertical-align:10px;white-space:nowrap;\"><span>by <\/span><img style=\"display: inline;margin:0;padding:0;width:16px;height:16px;\" width=\"16\" height=\"16\" alt=\"feather\" src=\"https:\/\/www.aezuff.org\/extranet\/wp-content\/plugins\/social-media-feather\/synved-social\/image\/icon.png\" \/><\/a><\/span>","protected":false},"excerpt":{"rendered":"<p>No \u00e2mbito das comemora\u00e7\u00f5es do cinquenten\u00e1rio da Escola Jo\u00e3o de Barros, esteve presente no passado dia 26 de abril, no sal\u00e3o polivalente da escola, o ex-aluno Gon\u00e7alo Cadilhe. Esta foi mais uma iniciativa inclu\u00edda&#46;&#46;&#46;<\/p>\n","protected":false},"author":1,"featured_media":7877,"comment_status":"closed","ping_status":"open","sticky":false,"template":"","format":"standard","meta":{"footnotes":""},"categories":[1],"tags":[],"_links":{"self":[{"href":"https:\/\/www.aezuff.org\/extranet\/wp-json\/wp\/v2\/posts\/7878"}],"collection":[{"href":"https:\/\/www.aezuff.org\/extranet\/wp-json\/wp\/v2\/posts"}],"about":[{"href":"https:\/\/www.aezuff.org\/extranet\/wp-json\/wp\/v2\/types\/post"}],"author":[{"embeddable":true,"href":"https:\/\/www.aezuff.org\/extranet\/wp-json\/wp\/v2\/users\/1"}],"replies":[{"embeddable":true,"href":"https:\/\/www.aezuff.org\/extranet\/wp-json\/wp\/v2\/comments?post=7878"}],"version-history":[{"count":1,"href":"https:\/\/www.aezuff.org\/extranet\/wp-json\/wp\/v2\/posts\/7878\/revisions"}],"predecessor-version":[{"id":7879,"href":"https:\/\/www.aezuff.org\/extranet\/wp-json\/wp\/v2\/posts\/7878\/revisions\/7879"}],"wp:featuredmedia":[{"embeddable":true,"href":"https:\/\/www.aezuff.org\/extranet\/wp-json\/wp\/v2\/media\/7877"}],"wp:attachment":[{"href":"https:\/\/www.aezuff.org\/extranet\/wp-json\/wp\/v2\/media?parent=7878"}],"wp:term":[{"taxonomy":"category","embeddable":true,"href":"https:\/\/www.aezuff.org\/extranet\/wp-json\/wp\/v2\/categories?post=7878"},{"taxonomy":"post_tag","embeddable":true,"href":"https:\/\/www.aezuff.org\/extranet\/wp-json\/wp\/v2\/tags?post=7878"}],"curies":[{"name":"wp","href":"https:\/\/api.w.org\/{rel}","templated":true}]}}