{"id":7885,"date":"2018-05-02T00:33:49","date_gmt":"2018-05-02T00:33:49","guid":{"rendered":"http:\/\/www.aezuff.org\/extranet\/?p=7885"},"modified":"2018-05-02T00:34:08","modified_gmt":"2018-05-02T00:34:08","slug":"escola-dr-joao-de-barros-nas-comemoracoes-do-1-o-de-maio","status":"publish","type":"post","link":"https:\/\/www.aezuff.org\/extranet\/escola-dr-joao-de-barros-nas-comemoracoes-do-1-o-de-maio\/","title":{"rendered":"Escola Dr. Jo\u00e3o de Barros nas Comemora\u00e7\u00f5es do 1.\u00ba de maio"},"content":{"rendered":"<p><a href=\"http:\/\/www.aezuff.org\/extranet\/wp-content\/uploads\/2012\/10\/\/2018\/05\/1\u00ba-maio_2.jpg\"><img decoding=\"async\" loading=\"lazy\" class=\"size-medium wp-image-7884 alignleft\" src=\"http:\/\/www.aezuff.org\/extranet\/wp-content\/uploads\/2012\/10\/\/2018\/05\/1\u00ba-maio_2-300x234.jpg\" alt=\"\" width=\"300\" height=\"234\" srcset=\"https:\/\/www.aezuff.org\/extranet\/http:\/\/www.aezuff.org\/extranet\/wp-content\/uploads\/2012\/10\/2018\/05\/1\u00ba-maio_2-300x234.jpg 300w, https:\/\/www.aezuff.org\/extranet\/http:\/\/www.aezuff.org\/extranet\/wp-content\/uploads\/2012\/10\/2018\/05\/1\u00ba-maio_2-768x599.jpg 768w, https:\/\/www.aezuff.org\/extranet\/http:\/\/www.aezuff.org\/extranet\/wp-content\/uploads\/2012\/10\/2018\/05\/1\u00ba-maio_2-1024x799.jpg 1024w, https:\/\/www.aezuff.org\/extranet\/http:\/\/www.aezuff.org\/extranet\/wp-content\/uploads\/2012\/10\/2018\/05\/1\u00ba-maio_2.jpg 1200w\" sizes=\"(max-width: 300px) 100vw, 300px\" \/><\/a> <a href=\"http:\/\/www.aezuff.org\/extranet\/wp-content\/uploads\/2012\/10\/\/2018\/05\/1\u00ba-maio_1.jpg\"><img decoding=\"async\" loading=\"lazy\" class=\"size-medium wp-image-7883 alignright\" src=\"http:\/\/www.aezuff.org\/extranet\/wp-content\/uploads\/2012\/10\/\/2018\/05\/1\u00ba-maio_1-300x189.jpg\" alt=\"\" width=\"300\" height=\"189\" srcset=\"https:\/\/www.aezuff.org\/extranet\/http:\/\/www.aezuff.org\/extranet\/wp-content\/uploads\/2012\/10\/2018\/05\/1\u00ba-maio_1-300x189.jpg 300w, https:\/\/www.aezuff.org\/extranet\/http:\/\/www.aezuff.org\/extranet\/wp-content\/uploads\/2012\/10\/2018\/05\/1\u00ba-maio_1-768x484.jpg 768w, https:\/\/www.aezuff.org\/extranet\/http:\/\/www.aezuff.org\/extranet\/wp-content\/uploads\/2012\/10\/2018\/05\/1\u00ba-maio_1-1024x645.jpg 1024w, https:\/\/www.aezuff.org\/extranet\/http:\/\/www.aezuff.org\/extranet\/wp-content\/uploads\/2012\/10\/2018\/05\/1\u00ba-maio_1.jpg 1200w\" sizes=\"(max-width: 300px) 100vw, 300px\" \/><\/a><\/p>\n<p>&nbsp;<\/p>\n<p>&nbsp;<\/p>\n<p>&nbsp;<\/p>\n<p>&nbsp;<\/p>\n<p>&nbsp;<\/p>\n<p>&nbsp;<\/p>\n<p>&nbsp;<\/p>\n<p>A Escola Dr. Jo\u00e3o de Barros, compareceu, como sempre, no 19.\u00ba Circuito Juvenil, integrado nas comemora\u00e7\u00f5es do 1.\u00ba de maio, com partida e chegada no Jardim Municipal. As condi\u00e7\u00f5es climat\u00e9ricas foram bastante boas, apesar do frio ainda se fazer sentir. Estiveram representados diversos escal\u00f5es, tendo os alunos, recebido muitos pr\u00e9mios individuais (medalhas e ta\u00e7as) e <strong>6 trof\u00e9us<\/strong> correspondentes \u00e0s classifica\u00e7\u00f5es coletivas de <strong>1.\u00ba lugar<\/strong> nos escal\u00f5es de Benjamins (Fem. e Masc.); Infantis (Fem. e Masc.) e Iniciados (Fem. e Masc.) As equipas foram constitu\u00eddas pelos seguintes elementos:<\/p>\n<p><u>Benjamins femininos<\/u>: Madalena Fernandes &#8211; 5.\u00ba 2; Branca Fernandes &#8211; 5.\u00ba 3; Laura Leal &#8211; 5.\u00ba 9; Agatha Santos &#8211; 5.\u00ba10 e Leonor Fernandes &#8211; 5.\u00ba 3.<\/p>\n<p><u>Benjamins masculinos<\/u>: Jo\u00e3o Oliveira \u2013 5.\u00ba5; Rodrigo Almeida &#8211; 5.\u00ba 9; Afonso Silva &#8211; 5.\u00ba 12; Duarte Gomes &#8211; 5.\u00ba 12; Guilherme Pereira- 5.\u00ba 3; Guilherme Silva &#8211; 5.\u00ba 3; Guilherme Oliveira &#8211; 5.\u00ba 12 e Martim Bastos &#8211; 5.\u00ba 12.<\/p>\n<p><u>Infantis femininos<\/u>: Beatriz Lopes &#8211; 7.\u00baB; In\u00eas Fulg\u00eancio &#8211; 6.\u00ba9; Carolina Sim\u00f5es- 7.\u00baA; Rafaela Concei\u00e7\u00e3o &#8211; 6.\u00ba7; Filipa Sim\u00f5es &#8211; 7.\u00baA e Matilde Albarino &#8211; 7.\u00baA.<\/p>\n<p><u>Infantis masculinos<\/u>: Jammy Garcia &#8211; 7.\u00baD; Diogo Torres &#8211; 7.\u00baB; Tom\u00e1s Neves &#8211; 6.\u00ba11; Ruben Nascimento &#8211; 7.\u00baA e Pedro Jord\u00e3o \u2013 6.\u00ba3.<\/p>\n<p><u>Iniciadas femininas<\/u>: Marta Naz\u00e1rio &#8211; 9.\u00baE; Carolina Almeida \u2013 8.\u00baB e M\u00aa Rom\u00e3o \u2013 8.\u00ba C.<\/p>\n<p><u>Iniciados masculinos<\/u>: Kyle Albuquerque \u2013 7.\u00baB; Pedro Vieira \u2013 9.\u00ba E; Bruno Almeida \u2013 8.\u00baA; Andr\u00e9 Cruz \u2013 7.\u00baA e Bernardo Silva \u2013 7.\u00ba C.<\/p>\n<p><u>Juvenil feminina<\/u>: Catarina Pedrosa &#8211; 9.\u00baA.<\/p>\n<p><u>Juvenil masculino<\/u>: Ant\u00f3nio Dias &#8211; 9.\u00baD<\/p>\n<p>Em <strong>primeiro lugar <\/strong>(individual) destacaram-se os seguintes alunos: Madalena Fernandes &#8211; 5.\u00ba 2; Jo\u00e3o Oliveira \u2013 5.\u00ba5; Beatriz Lopes &#8211; 7.\u00baB; Jammy Garcia &#8211; 7.\u00baD; Marta Naz\u00e1rio &#8211; 9.\u00baE; Kyle Albuquerque \u2013 7.\u00baB; Catarina Pedrosa &#8211; 9.\u00baA e Ant\u00f3nio Dias &#8211; 9.\u00baD.<\/p>\n<p>Um agradecimento especial aos professores Ana Correia e C\u00e9sar Fernandes (antigos professores da nossa escola) que apoiaram incondicionalmente a prova. A presen\u00e7a e participa\u00e7\u00e3o dos pais foram tamb\u00e9m inexced\u00edveis, tendo apoiado efusivamente os seus educandos. Um muito obrigada a todos, lembrando que \u00e9 sempre de louvar esta \u00f3tima iniciativa do Dia do Trabalhador.<\/p>\n<p>A Coordenadora do Desporto Escolar, Isabel Oliveira<\/p>\n<span class=\"synved-social-container synved-social-container-follow\"><a class=\"synved-social-button synved-social-button-follow synved-social-size-24 synved-social-resolution-single synved-social-provider-facebook nolightbox\" data-provider=\"facebook\" target=\"_blank\" rel=\"nofollow\" title=\"Siga-nos no Facebook\" href=\"https:\/\/www.facebook.com\/pages\/Agrupamento-de-Escolas-da-Zona-Urbana-da-Figueira-da-Foz\/112980278714783\" style=\"font-size: 0px; width:24px;height:24px;margin:0;margin-bottom:5px;margin-right:5px;\"><img alt=\"Facebook\" title=\"Siga-nos no Facebook\" class=\"synved-share-image synved-social-image synved-social-image-follow\" width=\"24\" height=\"24\" style=\"display: inline; width:24px;height:24px; margin: 0; padding: 0; border: none; box-shadow: none;\" src=\"https:\/\/www.aezuff.org\/extranet\/wp-content\/plugins\/social-media-feather\/synved-social\/addons\/extra-icons\/image\/social\/flag\/48x48\/facebook.png\" \/><\/a><a class=\"synved-social-button synved-social-button-follow synved-social-size-24 synved-social-resolution-single synved-social-provider-twitter nolightbox\" data-provider=\"twitter\" target=\"_blank\" rel=\"nofollow\" title=\"Siga-nos no Twitter\" href=\"https:\/\/twitter.com\/aezuff\" style=\"font-size: 0px; width:24px;height:24px;margin:0;margin-bottom:5px;margin-right:5px;\"><img alt=\"twitter\" title=\"Siga-nos no Twitter\" class=\"synved-share-image synved-social-image synved-social-image-follow\" width=\"24\" height=\"24\" style=\"display: inline; width:24px;height:24px; margin: 0; padding: 0; border: none; box-shadow: none;\" src=\"https:\/\/www.aezuff.org\/extranet\/wp-content\/plugins\/social-media-feather\/synved-social\/addons\/extra-icons\/image\/social\/flag\/48x48\/twitter.png\" \/><\/a><a class=\"synved-social-button synved-social-button-follow synved-social-size-24 synved-social-resolution-single synved-social-provider-youtube nolightbox\" data-provider=\"youtube\" target=\"_blank\" rel=\"nofollow\" title=\"Subscreva-nos no YouTube\" href=\"http:\/\/www.youtube.com\/user\/actividadeseb23jb\" style=\"font-size: 0px; width:24px;height:24px;margin:0;margin-bottom:5px;\"><img alt=\"youtube\" title=\"Subscreva-nos no YouTube\" class=\"synved-share-image synved-social-image synved-social-image-follow\" width=\"24\" height=\"24\" style=\"display: inline; width:24px;height:24px; margin: 0; padding: 0; border: none; box-shadow: none;\" src=\"https:\/\/www.aezuff.org\/extranet\/wp-content\/plugins\/social-media-feather\/synved-social\/addons\/extra-icons\/image\/social\/flag\/48x48\/youtube.png\" \/><\/a><a class=\"synved-social-credit\" target=\"_blank\" rel=\"nofollow\" title=\"WordPress Social Media Feather\" href=\"http:\/\/synved.com\/wordpress-social-media-feather\/\" style=\"color:#444; text-decoration:none; font-size:8px; margin-left:5px;vertical-align:10px;white-space:nowrap;\"><span>by <\/span><img style=\"display: inline;margin:0;padding:0;width:16px;height:16px;\" width=\"16\" height=\"16\" alt=\"feather\" src=\"https:\/\/www.aezuff.org\/extranet\/wp-content\/plugins\/social-media-feather\/synved-social\/image\/icon.png\" \/><\/a><\/span>","protected":false},"excerpt":{"rendered":"<p>&nbsp; &nbsp; &nbsp; &nbsp; &nbsp; &nbsp; &nbsp; A Escola Dr. Jo\u00e3o de Barros, compareceu, como sempre, no 19.\u00ba Circuito Juvenil, integrado nas comemora\u00e7\u00f5es do 1.\u00ba de maio, com partida e chegada no Jardim Municipal.&#46;&#46;&#46;<\/p>\n","protected":false},"author":1,"featured_media":7883,"comment_status":"closed","ping_status":"open","sticky":false,"template":"","format":"standard","meta":{"footnotes":""},"categories":[1],"tags":[],"_links":{"self":[{"href":"https:\/\/www.aezuff.org\/extranet\/wp-json\/wp\/v2\/posts\/7885"}],"collection":[{"href":"https:\/\/www.aezuff.org\/extranet\/wp-json\/wp\/v2\/posts"}],"about":[{"href":"https:\/\/www.aezuff.org\/extranet\/wp-json\/wp\/v2\/types\/post"}],"author":[{"embeddable":true,"href":"https:\/\/www.aezuff.org\/extranet\/wp-json\/wp\/v2\/users\/1"}],"replies":[{"embeddable":true,"href":"https:\/\/www.aezuff.org\/extranet\/wp-json\/wp\/v2\/comments?post=7885"}],"version-history":[{"count":1,"href":"https:\/\/www.aezuff.org\/extranet\/wp-json\/wp\/v2\/posts\/7885\/revisions"}],"predecessor-version":[{"id":7886,"href":"https:\/\/www.aezuff.org\/extranet\/wp-json\/wp\/v2\/posts\/7885\/revisions\/7886"}],"wp:featuredmedia":[{"embeddable":true,"href":"https:\/\/www.aezuff.org\/extranet\/wp-json\/wp\/v2\/media\/7883"}],"wp:attachment":[{"href":"https:\/\/www.aezuff.org\/extranet\/wp-json\/wp\/v2\/media?parent=7885"}],"wp:term":[{"taxonomy":"category","embeddable":true,"href":"https:\/\/www.aezuff.org\/extranet\/wp-json\/wp\/v2\/categories?post=7885"},{"taxonomy":"post_tag","embeddable":true,"href":"https:\/\/www.aezuff.org\/extranet\/wp-json\/wp\/v2\/tags?post=7885"}],"curies":[{"name":"wp","href":"https:\/\/api.w.org\/{rel}","templated":true}]}}