{"id":7888,"date":"2018-05-02T00:33:06","date_gmt":"2018-05-02T00:33:06","guid":{"rendered":"http:\/\/www.aezuff.org\/extranet\/?p=7888"},"modified":"2018-05-02T00:33:06","modified_gmt":"2018-05-02T00:33:06","slug":"acampamento-de-emrc","status":"publish","type":"post","link":"https:\/\/www.aezuff.org\/extranet\/acampamento-de-emrc\/","title":{"rendered":"Acampamento de EMRC"},"content":{"rendered":"<p style=\"text-align: right;\"><a href=\"http:\/\/www.aezuff.org\/extranet\/wp-content\/uploads\/2012\/10\/\/2018\/05\/Acamp-EMRC.jpg\"><img decoding=\"async\" loading=\"lazy\" class=\"size-medium wp-image-7887 alignright\" src=\"http:\/\/www.aezuff.org\/extranet\/wp-content\/uploads\/2012\/10\/\/2018\/05\/Acamp-EMRC-300x255.jpg\" alt=\"\" width=\"300\" height=\"255\" srcset=\"https:\/\/www.aezuff.org\/extranet\/http:\/\/www.aezuff.org\/extranet\/wp-content\/uploads\/2012\/10\/2018\/05\/Acamp-EMRC-300x255.jpg 300w, https:\/\/www.aezuff.org\/extranet\/http:\/\/www.aezuff.org\/extranet\/wp-content\/uploads\/2012\/10\/2018\/05\/Acamp-EMRC-768x653.jpg 768w, https:\/\/www.aezuff.org\/extranet\/http:\/\/www.aezuff.org\/extranet\/wp-content\/uploads\/2012\/10\/2018\/05\/Acamp-EMRC-1024x870.jpg 1024w, https:\/\/www.aezuff.org\/extranet\/http:\/\/www.aezuff.org\/extranet\/wp-content\/uploads\/2012\/10\/2018\/05\/Acamp-EMRC.jpg 1200w\" sizes=\"(max-width: 300px) 100vw, 300px\" \/><\/a><\/p>\n<p>Mais uma grande atividade da disciplina de Educa\u00e7\u00e3o Moral e Religiosa Cat\u00f3lica.<\/p>\n<p>Nos dias 27 e 28 de abril, os alunos do 3.\u00ba Ciclo da Escola E.B. 2,3 Dr. Jo\u00e3o de Barros, realizaram o \u201cAcampamento de EMRC\u201d, no Campo de F\u00e9rias do Cadaval. Esta atividade contou com a participa\u00e7\u00e3o de 20 alunos dos 7.\u00ba, 8.\u00ba e 9.\u00ba anos, acompanhados pelos professores Gil Gon\u00e7alves e Helena Margarida Correia. Dois dias diferentes que come\u00e7aram com a ida para o Campo de F\u00e9rias, de comboio, meio de transporte que a maior parte dos alunos n\u00e3o costuma utilizar. Quando chegamos ao Campo de F\u00e9rias do Cadaval fomos muito bem recebidos e acompanhados: existiram sempre duas monitoras que acompanhavam os alunos em todas as atividades. Os alunos tiveram a oportunidade de vivenciar v\u00e1rias experi\u00eancias, como slide, tiro com arco e zarabatana, Estafetas Bigaball, \u201cca\u00e7a-tesouro noturna\u201d, entre outras.<\/p>\n<p>Conscientes da presen\u00e7a de Deus nas nossas vidas, os dias tiveram in\u00edcio e fim sempre com uma ora\u00e7\u00e3o conjunta.<\/p>\n<p>Na avalia\u00e7\u00e3o final os alunos referiram ter gostado muito de realizar esta atividade.<\/p>\n<p>Com certeza, uma atividade para guardar na mem\u00f3ria de todos os que nela participaram.<\/p>\n<span class=\"synved-social-container synved-social-container-follow\"><a class=\"synved-social-button synved-social-button-follow synved-social-size-24 synved-social-resolution-single synved-social-provider-facebook nolightbox\" data-provider=\"facebook\" target=\"_blank\" rel=\"nofollow\" title=\"Siga-nos no Facebook\" href=\"https:\/\/www.facebook.com\/pages\/Agrupamento-de-Escolas-da-Zona-Urbana-da-Figueira-da-Foz\/112980278714783\" style=\"font-size: 0px; width:24px;height:24px;margin:0;margin-bottom:5px;margin-right:5px;\"><img alt=\"Facebook\" title=\"Siga-nos no Facebook\" class=\"synved-share-image synved-social-image synved-social-image-follow\" width=\"24\" height=\"24\" style=\"display: inline; width:24px;height:24px; margin: 0; padding: 0; border: none; box-shadow: none;\" src=\"https:\/\/www.aezuff.org\/extranet\/wp-content\/plugins\/social-media-feather\/synved-social\/addons\/extra-icons\/image\/social\/flag\/48x48\/facebook.png\" \/><\/a><a class=\"synved-social-button synved-social-button-follow synved-social-size-24 synved-social-resolution-single synved-social-provider-twitter nolightbox\" data-provider=\"twitter\" target=\"_blank\" rel=\"nofollow\" title=\"Siga-nos no Twitter\" href=\"https:\/\/twitter.com\/aezuff\" style=\"font-size: 0px; width:24px;height:24px;margin:0;margin-bottom:5px;margin-right:5px;\"><img alt=\"twitter\" title=\"Siga-nos no Twitter\" class=\"synved-share-image synved-social-image synved-social-image-follow\" width=\"24\" height=\"24\" style=\"display: inline; width:24px;height:24px; margin: 0; padding: 0; border: none; box-shadow: none;\" src=\"https:\/\/www.aezuff.org\/extranet\/wp-content\/plugins\/social-media-feather\/synved-social\/addons\/extra-icons\/image\/social\/flag\/48x48\/twitter.png\" \/><\/a><a class=\"synved-social-button synved-social-button-follow synved-social-size-24 synved-social-resolution-single synved-social-provider-youtube nolightbox\" data-provider=\"youtube\" target=\"_blank\" rel=\"nofollow\" title=\"Subscreva-nos no YouTube\" href=\"http:\/\/www.youtube.com\/user\/actividadeseb23jb\" style=\"font-size: 0px; width:24px;height:24px;margin:0;margin-bottom:5px;\"><img alt=\"youtube\" title=\"Subscreva-nos no YouTube\" class=\"synved-share-image synved-social-image synved-social-image-follow\" width=\"24\" height=\"24\" style=\"display: inline; width:24px;height:24px; margin: 0; padding: 0; border: none; box-shadow: none;\" src=\"https:\/\/www.aezuff.org\/extranet\/wp-content\/plugins\/social-media-feather\/synved-social\/addons\/extra-icons\/image\/social\/flag\/48x48\/youtube.png\" \/><\/a><a class=\"synved-social-credit\" target=\"_blank\" rel=\"nofollow\" title=\"WordPress Social Media Feather\" href=\"http:\/\/synved.com\/wordpress-social-media-feather\/\" style=\"color:#444; text-decoration:none; font-size:8px; margin-left:5px;vertical-align:10px;white-space:nowrap;\"><span>by <\/span><img style=\"display: inline;margin:0;padding:0;width:16px;height:16px;\" width=\"16\" height=\"16\" alt=\"feather\" src=\"https:\/\/www.aezuff.org\/extranet\/wp-content\/plugins\/social-media-feather\/synved-social\/image\/icon.png\" \/><\/a><\/span>","protected":false},"excerpt":{"rendered":"<p>Mais uma grande atividade da disciplina de Educa\u00e7\u00e3o Moral e Religiosa Cat\u00f3lica. Nos dias 27 e 28 de abril, os alunos do 3.\u00ba Ciclo da Escola E.B. 2,3 Dr. Jo\u00e3o de Barros, realizaram o&#46;&#46;&#46;<\/p>\n","protected":false},"author":1,"featured_media":7887,"comment_status":"closed","ping_status":"open","sticky":false,"template":"","format":"standard","meta":{"footnotes":""},"categories":[1],"tags":[],"_links":{"self":[{"href":"https:\/\/www.aezuff.org\/extranet\/wp-json\/wp\/v2\/posts\/7888"}],"collection":[{"href":"https:\/\/www.aezuff.org\/extranet\/wp-json\/wp\/v2\/posts"}],"about":[{"href":"https:\/\/www.aezuff.org\/extranet\/wp-json\/wp\/v2\/types\/post"}],"author":[{"embeddable":true,"href":"https:\/\/www.aezuff.org\/extranet\/wp-json\/wp\/v2\/users\/1"}],"replies":[{"embeddable":true,"href":"https:\/\/www.aezuff.org\/extranet\/wp-json\/wp\/v2\/comments?post=7888"}],"version-history":[{"count":1,"href":"https:\/\/www.aezuff.org\/extranet\/wp-json\/wp\/v2\/posts\/7888\/revisions"}],"predecessor-version":[{"id":7889,"href":"https:\/\/www.aezuff.org\/extranet\/wp-json\/wp\/v2\/posts\/7888\/revisions\/7889"}],"wp:featuredmedia":[{"embeddable":true,"href":"https:\/\/www.aezuff.org\/extranet\/wp-json\/wp\/v2\/media\/7887"}],"wp:attachment":[{"href":"https:\/\/www.aezuff.org\/extranet\/wp-json\/wp\/v2\/media?parent=7888"}],"wp:term":[{"taxonomy":"category","embeddable":true,"href":"https:\/\/www.aezuff.org\/extranet\/wp-json\/wp\/v2\/categories?post=7888"},{"taxonomy":"post_tag","embeddable":true,"href":"https:\/\/www.aezuff.org\/extranet\/wp-json\/wp\/v2\/tags?post=7888"}],"curies":[{"name":"wp","href":"https:\/\/api.w.org\/{rel}","templated":true}]}}