{"id":8431,"date":"2019-01-10T00:34:48","date_gmt":"2019-01-10T00:34:48","guid":{"rendered":"http:\/\/www.aezuff.org\/extranet\/?p=8431"},"modified":"2019-01-10T00:54:32","modified_gmt":"2019-01-10T00:54:32","slug":"portugues-pedro-agostinho-cruz-detem-o-registo-oficial-da-maior-onda-surfada-no-mundo","status":"publish","type":"post","link":"https:\/\/www.aezuff.org\/extranet\/portugues-pedro-agostinho-cruz-detem-o-registo-oficial-da-maior-onda-surfada-no-mundo\/","title":{"rendered":"PORTUGU\u00caS PEDRO AGOSTINHO CRUZ DET\u00c9M O REGISTO OFICIAL DA MAIOR ONDA SURFADA NO MUNDO"},"content":{"rendered":"<p>No passado <a href=\"http:\/\/www.aezuff.org\/extranet\/wp-content\/uploads\/2012\/10\/\/2019\/01\/onda-gigante.jpg\"><img decoding=\"async\" loading=\"lazy\" class=\"size-medium wp-image-8430 alignleft\" src=\"http:\/\/www.aezuff.org\/extranet\/wp-content\/uploads\/2012\/10\/\/2019\/01\/onda-gigante-300x288.jpg\" alt=\"\" width=\"300\" height=\"288\" srcset=\"https:\/\/www.aezuff.org\/extranet\/http:\/\/www.aezuff.org\/extranet\/wp-content\/uploads\/2012\/10\/2019\/01\/onda-gigante-300x288.jpg 300w, https:\/\/www.aezuff.org\/extranet\/http:\/\/www.aezuff.org\/extranet\/wp-content\/uploads\/2012\/10\/2019\/01\/onda-gigante-768x737.jpg 768w, https:\/\/www.aezuff.org\/extranet\/http:\/\/www.aezuff.org\/extranet\/wp-content\/uploads\/2012\/10\/2019\/01\/onda-gigante-1024x983.jpg 1024w, https:\/\/www.aezuff.org\/extranet\/http:\/\/www.aezuff.org\/extranet\/wp-content\/uploads\/2012\/10\/2019\/01\/onda-gigante.jpg 1200w\" sizes=\"(max-width: 300px) 100vw, 300px\" \/><\/a>dia 4 de janeiro, esteve presente na escola Jo\u00e3o de Barros, Pedro Agostinho Cruz, fotojornalista freelancer, nascido na Cova-Gala e antigo aluno desta escola. Pedro Cruz \u00e9 licenciado em Ci\u00eancias da Comunica\u00e7\u00e3o pela Universidade da Beira Interior, com trabalhos publicados em jornais locais, regionais, nacionais e internacionais.<\/p>\n<p>Pedro \u00e9 o autor da Fotografia Oficial com a chancela do Guinness, como a da maior onda surfada do mundo, na Praia do Norte, Nazar\u00e9, registando o momento em que esta era surfada pelo Brasileiro Rodrigo Koxa, no dia 8 de novembro de 2017, momento eternizado numa foto que se tornou viral e fez correr muita tinta pelos quatro cantos do mundo.<\/p>\n<p>O fotojornalista, no intuito de apoiar a Associa\u00e7\u00e3o de Bodyboard Foz do Mondego, leiloou a fotografia oficial e hist\u00f3rica, que se encontra assinada pelo surfista brasileiro Rodrigo Koxa e pelo seu autor, Pedro Cruz. O valor do leil\u00e3o reverteu a favor da Associa\u00e7\u00e3o de Bodyboard da Foz do Mondego, que perdeu as suas instala\u00e7\u00f5es devido \u00e0 Tempestade Leslie.<\/p>\n<p>Pedro Agostinho Cruz deslocou-se a esta escola para entregar a fotografia por ele registada, cumprindo o desejo de quem a leiloou pelo valor mais elevado. No decorrer da conversa, contou-nos um pouco sobre si, quando e porqu\u00ea come\u00e7ou a fotografar, a fazer o que gosta e como gosta considerando-se, por isso mesmo, um privilegiado. Disse-nos ainda que a Nazar\u00e9 h\u00e1 muitos anos faz parte do seu caminho. A Praia do Norte \u00e9 um lugar que frequenta regularmente, acompanhando os amigos nas surfadas e fazendo o registo fotogr\u00e1fico das mesmas.<\/p>\n<p>Pedro Cruz prometeu voltar para conversar com os nossos alunos, partilhando as suas experi\u00eancias e mostrar-lhes como \u00e9 importante nunca desistir de lutar por aquilo em que acreditamos e gostamos de fazer.<\/p>\n<p>A Dire\u00e7\u00e3o.<\/p>\n<p>&nbsp;<\/p>\n<span class=\"synved-social-container synved-social-container-follow\"><a class=\"synved-social-button synved-social-button-follow synved-social-size-24 synved-social-resolution-single synved-social-provider-facebook nolightbox\" data-provider=\"facebook\" target=\"_blank\" rel=\"nofollow\" title=\"Siga-nos no Facebook\" href=\"https:\/\/www.facebook.com\/pages\/Agrupamento-de-Escolas-da-Zona-Urbana-da-Figueira-da-Foz\/112980278714783\" style=\"font-size: 0px; width:24px;height:24px;margin:0;margin-bottom:5px;margin-right:5px;\"><img alt=\"Facebook\" title=\"Siga-nos no Facebook\" class=\"synved-share-image synved-social-image synved-social-image-follow\" width=\"24\" height=\"24\" style=\"display: inline; width:24px;height:24px; margin: 0; padding: 0; border: none; box-shadow: none;\" src=\"https:\/\/www.aezuff.org\/extranet\/wp-content\/plugins\/social-media-feather\/synved-social\/addons\/extra-icons\/image\/social\/flag\/48x48\/facebook.png\" \/><\/a><a class=\"synved-social-button synved-social-button-follow synved-social-size-24 synved-social-resolution-single synved-social-provider-twitter nolightbox\" data-provider=\"twitter\" target=\"_blank\" rel=\"nofollow\" title=\"Siga-nos no Twitter\" href=\"https:\/\/twitter.com\/aezuff\" style=\"font-size: 0px; width:24px;height:24px;margin:0;margin-bottom:5px;margin-right:5px;\"><img alt=\"twitter\" title=\"Siga-nos no Twitter\" class=\"synved-share-image synved-social-image synved-social-image-follow\" width=\"24\" height=\"24\" style=\"display: inline; width:24px;height:24px; margin: 0; padding: 0; border: none; box-shadow: none;\" src=\"https:\/\/www.aezuff.org\/extranet\/wp-content\/plugins\/social-media-feather\/synved-social\/addons\/extra-icons\/image\/social\/flag\/48x48\/twitter.png\" \/><\/a><a class=\"synved-social-button synved-social-button-follow synved-social-size-24 synved-social-resolution-single synved-social-provider-youtube nolightbox\" data-provider=\"youtube\" target=\"_blank\" rel=\"nofollow\" title=\"Subscreva-nos no YouTube\" href=\"http:\/\/www.youtube.com\/user\/actividadeseb23jb\" style=\"font-size: 0px; width:24px;height:24px;margin:0;margin-bottom:5px;\"><img alt=\"youtube\" title=\"Subscreva-nos no YouTube\" class=\"synved-share-image synved-social-image synved-social-image-follow\" width=\"24\" height=\"24\" style=\"display: inline; width:24px;height:24px; margin: 0; padding: 0; border: none; box-shadow: none;\" src=\"https:\/\/www.aezuff.org\/extranet\/wp-content\/plugins\/social-media-feather\/synved-social\/addons\/extra-icons\/image\/social\/flag\/48x48\/youtube.png\" \/><\/a><a class=\"synved-social-credit\" target=\"_blank\" rel=\"nofollow\" title=\"WordPress Social Media Feather\" href=\"http:\/\/synved.com\/wordpress-social-media-feather\/\" style=\"color:#444; text-decoration:none; font-size:8px; margin-left:5px;vertical-align:10px;white-space:nowrap;\"><span>by <\/span><img style=\"display: inline;margin:0;padding:0;width:16px;height:16px;\" width=\"16\" height=\"16\" alt=\"feather\" src=\"https:\/\/www.aezuff.org\/extranet\/wp-content\/plugins\/social-media-feather\/synved-social\/image\/icon.png\" \/><\/a><\/span>","protected":false},"excerpt":{"rendered":"<p>No passado dia 4 de janeiro, esteve presente na escola Jo\u00e3o de Barros, Pedro Agostinho Cruz, fotojornalista freelancer, nascido na Cova-Gala e antigo aluno desta escola. Pedro Cruz \u00e9 licenciado em Ci\u00eancias da Comunica\u00e7\u00e3o&#46;&#46;&#46;<\/p>\n","protected":false},"author":1,"featured_media":8430,"comment_status":"closed","ping_status":"open","sticky":false,"template":"","format":"standard","meta":{"footnotes":""},"categories":[1],"tags":[],"_links":{"self":[{"href":"https:\/\/www.aezuff.org\/extranet\/wp-json\/wp\/v2\/posts\/8431"}],"collection":[{"href":"https:\/\/www.aezuff.org\/extranet\/wp-json\/wp\/v2\/posts"}],"about":[{"href":"https:\/\/www.aezuff.org\/extranet\/wp-json\/wp\/v2\/types\/post"}],"author":[{"embeddable":true,"href":"https:\/\/www.aezuff.org\/extranet\/wp-json\/wp\/v2\/users\/1"}],"replies":[{"embeddable":true,"href":"https:\/\/www.aezuff.org\/extranet\/wp-json\/wp\/v2\/comments?post=8431"}],"version-history":[{"count":2,"href":"https:\/\/www.aezuff.org\/extranet\/wp-json\/wp\/v2\/posts\/8431\/revisions"}],"predecessor-version":[{"id":8433,"href":"https:\/\/www.aezuff.org\/extranet\/wp-json\/wp\/v2\/posts\/8431\/revisions\/8433"}],"wp:featuredmedia":[{"embeddable":true,"href":"https:\/\/www.aezuff.org\/extranet\/wp-json\/wp\/v2\/media\/8430"}],"wp:attachment":[{"href":"https:\/\/www.aezuff.org\/extranet\/wp-json\/wp\/v2\/media?parent=8431"}],"wp:term":[{"taxonomy":"category","embeddable":true,"href":"https:\/\/www.aezuff.org\/extranet\/wp-json\/wp\/v2\/categories?post=8431"},{"taxonomy":"post_tag","embeddable":true,"href":"https:\/\/www.aezuff.org\/extranet\/wp-json\/wp\/v2\/tags?post=8431"}],"curies":[{"name":"wp","href":"https:\/\/api.w.org\/{rel}","templated":true}]}}