{"id":8435,"date":"2019-01-10T00:57:03","date_gmt":"2019-01-10T00:57:03","guid":{"rendered":"http:\/\/www.aezuff.org\/extranet\/?p=8435"},"modified":"2019-01-10T00:57:27","modified_gmt":"2019-01-10T00:57:27","slug":"corta-mato-de-s-juliao-6-medalhas-para-a-escola-dr-joao-de-barros","status":"publish","type":"post","link":"https:\/\/www.aezuff.org\/extranet\/corta-mato-de-s-juliao-6-medalhas-para-a-escola-dr-joao-de-barros\/","title":{"rendered":"Corta-Mato de S. Juli\u00e3o &#8211; 6 medalhas para a Escola Dr. Jo\u00e3o de Barros"},"content":{"rendered":"<p><a href=\"http:\/\/www.aezuff.org\/extranet\/wp-content\/uploads\/2012\/10\/\/2019\/01\/corta-mato-s.juli\u00e3o-jan19.jpg\"><img decoding=\"async\" loading=\"lazy\" class=\"size-medium wp-image-8434 alignleft\" src=\"http:\/\/www.aezuff.org\/extranet\/wp-content\/uploads\/2012\/10\/\/2019\/01\/corta-mato-s.juli\u00e3o-jan19-300x300.jpg\" alt=\"\" width=\"300\" height=\"300\" srcset=\"https:\/\/www.aezuff.org\/extranet\/http:\/\/www.aezuff.org\/extranet\/wp-content\/uploads\/2012\/10\/2019\/01\/corta-mato-s.juli\u00e3o-jan19-300x300.jpg 300w, https:\/\/www.aezuff.org\/extranet\/http:\/\/www.aezuff.org\/extranet\/wp-content\/uploads\/2012\/10\/2019\/01\/corta-mato-s.juli\u00e3o-jan19-150x150.jpg 150w, https:\/\/www.aezuff.org\/extranet\/http:\/\/www.aezuff.org\/extranet\/wp-content\/uploads\/2012\/10\/2019\/01\/corta-mato-s.juli\u00e3o-jan19-768x768.jpg 768w, https:\/\/www.aezuff.org\/extranet\/http:\/\/www.aezuff.org\/extranet\/wp-content\/uploads\/2012\/10\/2019\/01\/corta-mato-s.juli\u00e3o-jan19-1024x1024.jpg 1024w, https:\/\/www.aezuff.org\/extranet\/http:\/\/www.aezuff.org\/extranet\/wp-content\/uploads\/2012\/10\/2019\/01\/corta-mato-s.juli\u00e3o-jan19-160x160.jpg 160w, https:\/\/www.aezuff.org\/extranet\/http:\/\/www.aezuff.org\/extranet\/wp-content\/uploads\/2012\/10\/2019\/01\/corta-mato-s.juli\u00e3o-jan19-320x320.jpg 320w, https:\/\/www.aezuff.org\/extranet\/http:\/\/www.aezuff.org\/extranet\/wp-content\/uploads\/2012\/10\/2019\/01\/corta-mato-s.juli\u00e3o-jan19.jpg 1200w\" sizes=\"(max-width: 300px) 100vw, 300px\" \/><\/a><\/p>\n<p><strong>\u00a0<\/strong>Integrado nas Comemora\u00e7\u00f5es de S. Juli\u00e3o, realizou-se mais uma vez o Corta-Mato Concelhio, no dia 9 de janeiro, no Parque das Abadias, reunindo os v\u00e1rios Agrupamentos\/Escolas do Concelho. As condi\u00e7\u00f5es clim\u00e1ticas foram satisfat\u00f3rias, apesar do frio. Os alunos demonstraram a sua determina\u00e7\u00e3o e empenho, tendo conquistado 6 classifica\u00e7\u00f5es individuais de destaque, que se passam a citar:<\/p>\n<p>Infantil A Fem: 1.\u00ba &#8211; Madalena Fernandes &#8211; 6.\u00ba 2<\/p>\n<p>Infantil A Masc: 2.\u00ba &#8211; Jo\u00e3o Brito \u2013 5.\u00ba 12 e 3.\u00ba &#8211; Tom\u00e1s Fidalgo \u2013 5.\u00ba 9<\/p>\n<p>Infantil B Masc: 3.\u00ba &#8211; Jo\u00e3o Oliveira \u2013 6.\u00ba 5<\/p>\n<p>Iniciado Fem: 1.\u00ba &#8211; Beatriz Lopes &#8211; 8.\u00ba B<\/p>\n<p>Iniciado Masc: 2.\u00ba &#8211; Jammy Garcia \u2013 7.\u00ba B<\/p>\n<p>O pr\u00f3ximo Corta-Mato, fase Distrital, tamb\u00e9m ser\u00e1 realizado no Parque das Abadias, na Figueira da Foz, no dia 25 de janeiro!<\/p>\n<p>Parab\u00e9ns a todos os participantes!<\/p>\n<p>A coordenadora de Departamento de Express\u00f5es, Isabel Oliveira<\/p>\n<span class=\"synved-social-container synved-social-container-follow\"><a class=\"synved-social-button synved-social-button-follow synved-social-size-24 synved-social-resolution-single synved-social-provider-facebook nolightbox\" data-provider=\"facebook\" target=\"_blank\" rel=\"nofollow\" title=\"Siga-nos no Facebook\" href=\"https:\/\/www.facebook.com\/pages\/Agrupamento-de-Escolas-da-Zona-Urbana-da-Figueira-da-Foz\/112980278714783\" style=\"font-size: 0px; width:24px;height:24px;margin:0;margin-bottom:5px;margin-right:5px;\"><img alt=\"Facebook\" title=\"Siga-nos no Facebook\" class=\"synved-share-image synved-social-image synved-social-image-follow\" width=\"24\" height=\"24\" style=\"display: inline; width:24px;height:24px; margin: 0; padding: 0; border: none; box-shadow: none;\" src=\"https:\/\/www.aezuff.org\/extranet\/wp-content\/plugins\/social-media-feather\/synved-social\/addons\/extra-icons\/image\/social\/flag\/48x48\/facebook.png\" \/><\/a><a class=\"synved-social-button synved-social-button-follow synved-social-size-24 synved-social-resolution-single synved-social-provider-twitter nolightbox\" data-provider=\"twitter\" target=\"_blank\" rel=\"nofollow\" title=\"Siga-nos no Twitter\" href=\"https:\/\/twitter.com\/aezuff\" style=\"font-size: 0px; width:24px;height:24px;margin:0;margin-bottom:5px;margin-right:5px;\"><img alt=\"twitter\" title=\"Siga-nos no Twitter\" class=\"synved-share-image synved-social-image synved-social-image-follow\" width=\"24\" height=\"24\" style=\"display: inline; width:24px;height:24px; margin: 0; padding: 0; border: none; box-shadow: none;\" src=\"https:\/\/www.aezuff.org\/extranet\/wp-content\/plugins\/social-media-feather\/synved-social\/addons\/extra-icons\/image\/social\/flag\/48x48\/twitter.png\" \/><\/a><a class=\"synved-social-button synved-social-button-follow synved-social-size-24 synved-social-resolution-single synved-social-provider-youtube nolightbox\" data-provider=\"youtube\" target=\"_blank\" rel=\"nofollow\" title=\"Subscreva-nos no YouTube\" href=\"http:\/\/www.youtube.com\/user\/actividadeseb23jb\" style=\"font-size: 0px; width:24px;height:24px;margin:0;margin-bottom:5px;\"><img alt=\"youtube\" title=\"Subscreva-nos no YouTube\" class=\"synved-share-image synved-social-image synved-social-image-follow\" width=\"24\" height=\"24\" style=\"display: inline; width:24px;height:24px; margin: 0; padding: 0; border: none; box-shadow: none;\" src=\"https:\/\/www.aezuff.org\/extranet\/wp-content\/plugins\/social-media-feather\/synved-social\/addons\/extra-icons\/image\/social\/flag\/48x48\/youtube.png\" \/><\/a><a class=\"synved-social-credit\" target=\"_blank\" rel=\"nofollow\" title=\"WordPress Social Media Feather\" href=\"http:\/\/synved.com\/wordpress-social-media-feather\/\" style=\"color:#444; text-decoration:none; font-size:8px; margin-left:5px;vertical-align:10px;white-space:nowrap;\"><span>by <\/span><img style=\"display: inline;margin:0;padding:0;width:16px;height:16px;\" width=\"16\" height=\"16\" alt=\"feather\" src=\"https:\/\/www.aezuff.org\/extranet\/wp-content\/plugins\/social-media-feather\/synved-social\/image\/icon.png\" \/><\/a><\/span>","protected":false},"excerpt":{"rendered":"<p>\u00a0Integrado nas Comemora\u00e7\u00f5es de S. Juli\u00e3o, realizou-se mais uma vez o Corta-Mato Concelhio, no dia 9 de janeiro, no Parque das Abadias, reunindo os v\u00e1rios Agrupamentos\/Escolas do Concelho. As condi\u00e7\u00f5es clim\u00e1ticas foram satisfat\u00f3rias, apesar&#46;&#46;&#46;<\/p>\n","protected":false},"author":1,"featured_media":8434,"comment_status":"closed","ping_status":"open","sticky":false,"template":"","format":"standard","meta":{"footnotes":""},"categories":[1],"tags":[],"_links":{"self":[{"href":"https:\/\/www.aezuff.org\/extranet\/wp-json\/wp\/v2\/posts\/8435"}],"collection":[{"href":"https:\/\/www.aezuff.org\/extranet\/wp-json\/wp\/v2\/posts"}],"about":[{"href":"https:\/\/www.aezuff.org\/extranet\/wp-json\/wp\/v2\/types\/post"}],"author":[{"embeddable":true,"href":"https:\/\/www.aezuff.org\/extranet\/wp-json\/wp\/v2\/users\/1"}],"replies":[{"embeddable":true,"href":"https:\/\/www.aezuff.org\/extranet\/wp-json\/wp\/v2\/comments?post=8435"}],"version-history":[{"count":1,"href":"https:\/\/www.aezuff.org\/extranet\/wp-json\/wp\/v2\/posts\/8435\/revisions"}],"predecessor-version":[{"id":8436,"href":"https:\/\/www.aezuff.org\/extranet\/wp-json\/wp\/v2\/posts\/8435\/revisions\/8436"}],"wp:featuredmedia":[{"embeddable":true,"href":"https:\/\/www.aezuff.org\/extranet\/wp-json\/wp\/v2\/media\/8434"}],"wp:attachment":[{"href":"https:\/\/www.aezuff.org\/extranet\/wp-json\/wp\/v2\/media?parent=8435"}],"wp:term":[{"taxonomy":"category","embeddable":true,"href":"https:\/\/www.aezuff.org\/extranet\/wp-json\/wp\/v2\/categories?post=8435"},{"taxonomy":"post_tag","embeddable":true,"href":"https:\/\/www.aezuff.org\/extranet\/wp-json\/wp\/v2\/tags?post=8435"}],"curies":[{"name":"wp","href":"https:\/\/api.w.org\/{rel}","templated":true}]}}