{"id":8441,"date":"2019-01-17T09:07:24","date_gmt":"2019-01-17T09:07:24","guid":{"rendered":"http:\/\/www.aezuff.org\/extranet\/?p=8441"},"modified":"2019-01-17T09:07:24","modified_gmt":"2019-01-17T09:07:24","slug":"torneio-de-abertura-de-tenis-de-mesa-na-escola-dr-joao-de-barros-15-janeiro-2019","status":"publish","type":"post","link":"https:\/\/www.aezuff.org\/extranet\/torneio-de-abertura-de-tenis-de-mesa-na-escola-dr-joao-de-barros-15-janeiro-2019\/","title":{"rendered":"Torneio de Abertura de T\u00e9nis de Mesa na Escola Dr. Jo\u00e3o de Barros &#8211; 15 janeiro 2019"},"content":{"rendered":"<p>Realizou-se o Torneio de Abertura de T\u00e9nis de Mesa na Escola Dr. Jo\u00e3o de Barros, para os alunos do 5.\u00ba ano, do escal\u00e3o Infantil A, nascidos em 2008. Estiveram presentes aproximadamente tr\u00eas dezenas de alunos, uns a jogar e outros a desempenhar a fun\u00e7\u00e3o da arbitragem, destacando a presen\u00e7a do nosso Campe\u00e3o Distrital de Infantil B, do passado ano letivo &#8211; Afonso Fonseca, do 7.\u00ba C.<\/p>\n<p>Esta competi\u00e7\u00e3o saud\u00e1vel foi muito bem disputada, tendo revelado bastante empenho e fair-play.<\/p>\n<p>As classifica\u00e7\u00f5es dos tr\u00eas primeiros classificados foram as seguintes:<\/p>\n<p>Infantil A Feminino: 1.\u00ba &#8211; Ana Abreu &#8211; 5.\u00ba 6; 2.\u00ba &#8211; Mariana Bonito \u2013 5.\u00ba 6 e 3.\u00ba &#8211; M.\u00aa In\u00eas Carvalho \u2013 5.\u00ba 6.<\/p>\n<p>Infantil A Masculino: 1.\u00ba &#8211; Tom\u00e1s Gomes &#8211; 5.\u00ba 13; 2.\u00ba &#8211; Martim Jorge \u2013 5.\u00ba 10 e 3.\u00ba &#8211; Francisco Cruz \u2013 5.\u00ba 6.<\/p>\n<p>A 1.\u00aa Jornada (externa) do calend\u00e1rio competitivo de T\u00e9nis de Mesa do Desporto Escolar, ser\u00e1 iniciada no dia 23 de janeiro, em Condeixa-a-Nova.<\/p>\n<p>Parab\u00e9ns a todos os participantes!<\/p>\n<p>A dinamizadora do Grupo\/Equipa de T\u00e9nis de Mesa,\u00a0Isabel Oliveira<\/p>\n<p><a href=\"http:\/\/www.aezuff.org\/extranet\/wp-content\/uploads\/2012\/10\/\/2019\/01\/Torneio-de-T\u00e9nis-5\u00baano_jan19.jpg\"><img decoding=\"async\" loading=\"lazy\" class=\"size-medium wp-image-8440 alignleft\" src=\"http:\/\/www.aezuff.org\/extranet\/wp-content\/uploads\/2012\/10\/\/2019\/01\/Torneio-de-T\u00e9nis-5\u00baano_jan19-300x111.jpg\" alt=\"\" width=\"300\" height=\"111\" srcset=\"https:\/\/www.aezuff.org\/extranet\/http:\/\/www.aezuff.org\/extranet\/wp-content\/uploads\/2012\/10\/2019\/01\/Torneio-de-T\u00e9nis-5\u00baano_jan19-300x111.jpg 300w, https:\/\/www.aezuff.org\/extranet\/http:\/\/www.aezuff.org\/extranet\/wp-content\/uploads\/2012\/10\/2019\/01\/Torneio-de-T\u00e9nis-5\u00baano_jan19-768x284.jpg 768w, https:\/\/www.aezuff.org\/extranet\/http:\/\/www.aezuff.org\/extranet\/wp-content\/uploads\/2012\/10\/2019\/01\/Torneio-de-T\u00e9nis-5\u00baano_jan19-1024x379.jpg 1024w, https:\/\/www.aezuff.org\/extranet\/http:\/\/www.aezuff.org\/extranet\/wp-content\/uploads\/2012\/10\/2019\/01\/Torneio-de-T\u00e9nis-5\u00baano_jan19.jpg 1200w\" sizes=\"(max-width: 300px) 100vw, 300px\" \/><\/a><img decoding=\"async\" loading=\"lazy\" class=\"aligncenter size-medium wp-image-8439\" src=\"http:\/\/www.aezuff.org\/extranet\/wp-content\/uploads\/2012\/10\/\/2019\/01\/T\u00e9nis-de-mesa-5\u00baano_jan19-300x201.jpg\" alt=\"\" width=\"300\" height=\"201\" srcset=\"https:\/\/www.aezuff.org\/extranet\/http:\/\/www.aezuff.org\/extranet\/wp-content\/uploads\/2012\/10\/2019\/01\/T\u00e9nis-de-mesa-5\u00baano_jan19-300x201.jpg 300w, https:\/\/www.aezuff.org\/extranet\/http:\/\/www.aezuff.org\/extranet\/wp-content\/uploads\/2012\/10\/2019\/01\/T\u00e9nis-de-mesa-5\u00baano_jan19-768x515.jpg 768w, https:\/\/www.aezuff.org\/extranet\/http:\/\/www.aezuff.org\/extranet\/wp-content\/uploads\/2012\/10\/2019\/01\/T\u00e9nis-de-mesa-5\u00baano_jan19-1024x686.jpg 1024w, https:\/\/www.aezuff.org\/extranet\/http:\/\/www.aezuff.org\/extranet\/wp-content\/uploads\/2012\/10\/2019\/01\/T\u00e9nis-de-mesa-5\u00baano_jan19.jpg 1200w\" sizes=\"(max-width: 300px) 100vw, 300px\" \/><\/p>\n<span class=\"synved-social-container synved-social-container-follow\"><a class=\"synved-social-button synved-social-button-follow synved-social-size-24 synved-social-resolution-single synved-social-provider-facebook nolightbox\" data-provider=\"facebook\" target=\"_blank\" rel=\"nofollow\" title=\"Siga-nos no Facebook\" href=\"https:\/\/www.facebook.com\/pages\/Agrupamento-de-Escolas-da-Zona-Urbana-da-Figueira-da-Foz\/112980278714783\" style=\"font-size: 0px; width:24px;height:24px;margin:0;margin-bottom:5px;margin-right:5px;\"><img alt=\"Facebook\" title=\"Siga-nos no Facebook\" class=\"synved-share-image synved-social-image synved-social-image-follow\" width=\"24\" height=\"24\" style=\"display: inline; width:24px;height:24px; margin: 0; padding: 0; border: none; box-shadow: none;\" src=\"https:\/\/www.aezuff.org\/extranet\/wp-content\/plugins\/social-media-feather\/synved-social\/addons\/extra-icons\/image\/social\/flag\/48x48\/facebook.png\" \/><\/a><a class=\"synved-social-button synved-social-button-follow synved-social-size-24 synved-social-resolution-single synved-social-provider-twitter nolightbox\" data-provider=\"twitter\" target=\"_blank\" rel=\"nofollow\" title=\"Siga-nos no Twitter\" href=\"https:\/\/twitter.com\/aezuff\" style=\"font-size: 0px; width:24px;height:24px;margin:0;margin-bottom:5px;margin-right:5px;\"><img alt=\"twitter\" title=\"Siga-nos no Twitter\" class=\"synved-share-image synved-social-image synved-social-image-follow\" width=\"24\" height=\"24\" style=\"display: inline; width:24px;height:24px; margin: 0; padding: 0; border: none; box-shadow: none;\" src=\"https:\/\/www.aezuff.org\/extranet\/wp-content\/plugins\/social-media-feather\/synved-social\/addons\/extra-icons\/image\/social\/flag\/48x48\/twitter.png\" \/><\/a><a class=\"synved-social-button synved-social-button-follow synved-social-size-24 synved-social-resolution-single synved-social-provider-youtube nolightbox\" data-provider=\"youtube\" target=\"_blank\" rel=\"nofollow\" title=\"Subscreva-nos no YouTube\" href=\"http:\/\/www.youtube.com\/user\/actividadeseb23jb\" style=\"font-size: 0px; width:24px;height:24px;margin:0;margin-bottom:5px;\"><img alt=\"youtube\" title=\"Subscreva-nos no YouTube\" class=\"synved-share-image synved-social-image synved-social-image-follow\" width=\"24\" height=\"24\" style=\"display: inline; width:24px;height:24px; margin: 0; padding: 0; border: none; box-shadow: none;\" src=\"https:\/\/www.aezuff.org\/extranet\/wp-content\/plugins\/social-media-feather\/synved-social\/addons\/extra-icons\/image\/social\/flag\/48x48\/youtube.png\" \/><\/a><a class=\"synved-social-credit\" target=\"_blank\" rel=\"nofollow\" title=\"WordPress Social Media Feather\" href=\"http:\/\/synved.com\/wordpress-social-media-feather\/\" style=\"color:#444; text-decoration:none; font-size:8px; margin-left:5px;vertical-align:10px;white-space:nowrap;\"><span>by <\/span><img style=\"display: inline;margin:0;padding:0;width:16px;height:16px;\" width=\"16\" height=\"16\" alt=\"feather\" src=\"https:\/\/www.aezuff.org\/extranet\/wp-content\/plugins\/social-media-feather\/synved-social\/image\/icon.png\" \/><\/a><\/span>","protected":false},"excerpt":{"rendered":"<p>Realizou-se o Torneio de Abertura de T\u00e9nis de Mesa na Escola Dr. Jo\u00e3o de Barros, para os alunos do 5.\u00ba ano, do escal\u00e3o Infantil A, nascidos em 2008. Estiveram presentes aproximadamente tr\u00eas dezenas de&#46;&#46;&#46;<\/p>\n","protected":false},"author":1,"featured_media":8439,"comment_status":"closed","ping_status":"open","sticky":false,"template":"","format":"standard","meta":{"footnotes":""},"categories":[1],"tags":[],"_links":{"self":[{"href":"https:\/\/www.aezuff.org\/extranet\/wp-json\/wp\/v2\/posts\/8441"}],"collection":[{"href":"https:\/\/www.aezuff.org\/extranet\/wp-json\/wp\/v2\/posts"}],"about":[{"href":"https:\/\/www.aezuff.org\/extranet\/wp-json\/wp\/v2\/types\/post"}],"author":[{"embeddable":true,"href":"https:\/\/www.aezuff.org\/extranet\/wp-json\/wp\/v2\/users\/1"}],"replies":[{"embeddable":true,"href":"https:\/\/www.aezuff.org\/extranet\/wp-json\/wp\/v2\/comments?post=8441"}],"version-history":[{"count":1,"href":"https:\/\/www.aezuff.org\/extranet\/wp-json\/wp\/v2\/posts\/8441\/revisions"}],"predecessor-version":[{"id":8442,"href":"https:\/\/www.aezuff.org\/extranet\/wp-json\/wp\/v2\/posts\/8441\/revisions\/8442"}],"wp:featuredmedia":[{"embeddable":true,"href":"https:\/\/www.aezuff.org\/extranet\/wp-json\/wp\/v2\/media\/8439"}],"wp:attachment":[{"href":"https:\/\/www.aezuff.org\/extranet\/wp-json\/wp\/v2\/media?parent=8441"}],"wp:term":[{"taxonomy":"category","embeddable":true,"href":"https:\/\/www.aezuff.org\/extranet\/wp-json\/wp\/v2\/categories?post=8441"},{"taxonomy":"post_tag","embeddable":true,"href":"https:\/\/www.aezuff.org\/extranet\/wp-json\/wp\/v2\/tags?post=8441"}],"curies":[{"name":"wp","href":"https:\/\/api.w.org\/{rel}","templated":true}]}}