{"id":8664,"date":"2019-02-07T10:11:39","date_gmt":"2019-02-07T10:11:39","guid":{"rendered":"http:\/\/www.aezuff.org\/extranet\/?p=8664"},"modified":"2019-02-07T10:33:26","modified_gmt":"2019-02-07T10:33:26","slug":"mega-sprinter-fase-escola","status":"publish","type":"post","link":"https:\/\/www.aezuff.org\/extranet\/mega-sprinter-fase-escola\/","title":{"rendered":"Mega Sprinter \u2013 fase escola"},"content":{"rendered":"<h5><a href=\"http:\/\/www.aezuff.org\/extranet\/wp-content\/uploads\/2012\/10\/\/2019\/02\/MegaSprinterfev2019.jpg\"><img decoding=\"async\" loading=\"lazy\" class=\"size-medium wp-image-8665 alignleft\" src=\"http:\/\/www.aezuff.org\/extranet\/wp-content\/uploads\/2012\/10\/\/2019\/02\/MegaSprinterfev2019-300x300.jpg\" alt=\"\" width=\"300\" height=\"300\" srcset=\"https:\/\/www.aezuff.org\/extranet\/http:\/\/www.aezuff.org\/extranet\/wp-content\/uploads\/2012\/10\/2019\/02\/MegaSprinterfev2019-300x300.jpg 300w, https:\/\/www.aezuff.org\/extranet\/http:\/\/www.aezuff.org\/extranet\/wp-content\/uploads\/2012\/10\/2019\/02\/MegaSprinterfev2019-150x150.jpg 150w, https:\/\/www.aezuff.org\/extranet\/http:\/\/www.aezuff.org\/extranet\/wp-content\/uploads\/2012\/10\/2019\/02\/MegaSprinterfev2019-768x768.jpg 768w, https:\/\/www.aezuff.org\/extranet\/http:\/\/www.aezuff.org\/extranet\/wp-content\/uploads\/2012\/10\/2019\/02\/MegaSprinterfev2019-1024x1024.jpg 1024w, https:\/\/www.aezuff.org\/extranet\/http:\/\/www.aezuff.org\/extranet\/wp-content\/uploads\/2012\/10\/2019\/02\/MegaSprinterfev2019-160x160.jpg 160w, https:\/\/www.aezuff.org\/extranet\/http:\/\/www.aezuff.org\/extranet\/wp-content\/uploads\/2012\/10\/2019\/02\/MegaSprinterfev2019-320x320.jpg 320w, https:\/\/www.aezuff.org\/extranet\/http:\/\/www.aezuff.org\/extranet\/wp-content\/uploads\/2012\/10\/2019\/02\/MegaSprinterfev2019.jpg 1200w\" sizes=\"(max-width: 300px) 100vw, 300px\" \/><\/a>O Grupo de Educa\u00e7\u00e3o F\u00edsica, da Escola E.B. 2.\u00ba e 3.\u00ba Ciclos Dr. Jo\u00e3o de Barros, dinamizou mais uma vez, no dia 6 de fevereiro, o Mega Sprinter \u2013 40 m &#8211; fase escola, com a presen\u00e7a de duas centenas de alunos, tendo-se obtido resultados dignos de registo. As classifica\u00e7\u00f5es foram as seguintes:<\/h5>\n<h5><u>Infantil A FEM<\/u>: 1.\u00ba &#8211; Maria Raimundo (5.\u00ba 11); 2.\u00ba &#8211; Madalena Fernandes (6.\u00ba 2) e 3.\u00ba &#8211; Lara Patr\u00e3o (5\u00ba 13)<\/h5>\n<h5><u>Infantil A MASC<\/u>: 1.\u00ba &#8211; Gon\u00e7alo Oliveira (5.\u00ba 4); 2.\u00ba &#8211; Salvador Santos (5.\u00ba 7) e 3.\u00ba &#8211; Jo\u00e3o Brito (5.\u00ba 12)<\/h5>\n<h5><u>Infantil B FEM:<\/u> 1.\u00ba &#8211; M\u00aa Leonor Sim\u00f5es (6.\u00ba11); Joana Monteiro (7.\u00ba A) e 3.\u00ba &#8211; In\u00eas Oliveira (7.\u00ba B)<\/h5>\n<h5><u>Infantil B MASC<\/u>: 1.\u00ba &#8211; Dylan Silva (7.\u00ba E); 2.\u00ba &#8211; David Matias (7.\u00ba A) e 3.\u00ba &#8211; Manuel Vieira (7.\u00ba A)<\/h5>\n<h5><u>Iniciado FEM<\/u>: 1.\u00ba &#8211; Beatriz Lima (9.\u00ba B); 2.\u00ba &#8211; In\u00eas Soares (7.\u00ba E) e 3.\u00ba &#8211; Jade Garcia (7.\u00ba B)<\/h5>\n<h5><u>Iniciado MASC<\/u>: 1.\u00ba &#8211; Kyle Albuquerque (8.\u00ba B); 2.\u00ba &#8211; Leonardo Figueiredo (8.\u00ba E) e 3.\u00ba &#8211; Jo\u00e3o Pata (9.\u00ba B)<\/h5>\n<h5><u>Juvenil FEM<\/u>: 1.\u00ba &#8211; J\u00e9ssica Leit\u00e3o (9.\u00ba A); 2.\u00ba &#8211; Kethllyn Souza (9.\u00ba C) e 3.\u00ba &#8211; \u00c9rica Ribeiro (9.\u00ba C)<\/h5>\n<h5><u>Juvenil MASC<\/u>: 1.\u00ba &#8211; Rui Rebelo (9.\u00ba B); 2.\u00ba &#8211; Ant\u00f3nio Prud\u00eancio (9.\u00ba A) e 3.\u00ba &#8211; David Cruz (9.\u00ba C)<\/h5>\n<h5>Apenas os dois primeiros classificados representar\u00e3o a escola na final Distrital.<\/h5>\n<h5>Parab\u00e9ns a todos!<\/h5>\n<h5>Isabel Oliveira<\/h5>\n<p>&nbsp;<\/p>\n<span class=\"synved-social-container synved-social-container-follow\"><a class=\"synved-social-button synved-social-button-follow synved-social-size-24 synved-social-resolution-single synved-social-provider-facebook nolightbox\" data-provider=\"facebook\" target=\"_blank\" rel=\"nofollow\" title=\"Siga-nos no Facebook\" href=\"https:\/\/www.facebook.com\/pages\/Agrupamento-de-Escolas-da-Zona-Urbana-da-Figueira-da-Foz\/112980278714783\" style=\"font-size: 0px; width:24px;height:24px;margin:0;margin-bottom:5px;margin-right:5px;\"><img alt=\"Facebook\" title=\"Siga-nos no Facebook\" class=\"synved-share-image synved-social-image synved-social-image-follow\" width=\"24\" height=\"24\" style=\"display: inline; width:24px;height:24px; margin: 0; padding: 0; border: none; box-shadow: none;\" src=\"https:\/\/www.aezuff.org\/extranet\/wp-content\/plugins\/social-media-feather\/synved-social\/addons\/extra-icons\/image\/social\/flag\/48x48\/facebook.png\" \/><\/a><a class=\"synved-social-button synved-social-button-follow synved-social-size-24 synved-social-resolution-single synved-social-provider-twitter nolightbox\" data-provider=\"twitter\" target=\"_blank\" rel=\"nofollow\" title=\"Siga-nos no Twitter\" href=\"https:\/\/twitter.com\/aezuff\" style=\"font-size: 0px; width:24px;height:24px;margin:0;margin-bottom:5px;margin-right:5px;\"><img alt=\"twitter\" title=\"Siga-nos no Twitter\" class=\"synved-share-image synved-social-image synved-social-image-follow\" width=\"24\" height=\"24\" style=\"display: inline; width:24px;height:24px; margin: 0; padding: 0; border: none; box-shadow: none;\" src=\"https:\/\/www.aezuff.org\/extranet\/wp-content\/plugins\/social-media-feather\/synved-social\/addons\/extra-icons\/image\/social\/flag\/48x48\/twitter.png\" \/><\/a><a class=\"synved-social-button synved-social-button-follow synved-social-size-24 synved-social-resolution-single synved-social-provider-youtube nolightbox\" data-provider=\"youtube\" target=\"_blank\" rel=\"nofollow\" title=\"Subscreva-nos no YouTube\" href=\"http:\/\/www.youtube.com\/user\/actividadeseb23jb\" style=\"font-size: 0px; width:24px;height:24px;margin:0;margin-bottom:5px;\"><img alt=\"youtube\" title=\"Subscreva-nos no YouTube\" class=\"synved-share-image synved-social-image synved-social-image-follow\" width=\"24\" height=\"24\" style=\"display: inline; width:24px;height:24px; margin: 0; padding: 0; border: none; box-shadow: none;\" src=\"https:\/\/www.aezuff.org\/extranet\/wp-content\/plugins\/social-media-feather\/synved-social\/addons\/extra-icons\/image\/social\/flag\/48x48\/youtube.png\" \/><\/a><a class=\"synved-social-credit\" target=\"_blank\" rel=\"nofollow\" title=\"WordPress Social Media Feather\" href=\"http:\/\/synved.com\/wordpress-social-media-feather\/\" style=\"color:#444; text-decoration:none; font-size:8px; margin-left:5px;vertical-align:10px;white-space:nowrap;\"><span>by <\/span><img style=\"display: inline;margin:0;padding:0;width:16px;height:16px;\" width=\"16\" height=\"16\" alt=\"feather\" src=\"https:\/\/www.aezuff.org\/extranet\/wp-content\/plugins\/social-media-feather\/synved-social\/image\/icon.png\" \/><\/a><\/span>","protected":false},"excerpt":{"rendered":"<p>O Grupo de Educa\u00e7\u00e3o F\u00edsica, da Escola E.B. 2.\u00ba e 3.\u00ba Ciclos Dr. Jo\u00e3o de Barros, dinamizou mais uma vez, no dia 6 de fevereiro, o Mega Sprinter \u2013 40 m &#8211; fase escola,&#46;&#46;&#46;<\/p>\n","protected":false},"author":1,"featured_media":8665,"comment_status":"closed","ping_status":"open","sticky":false,"template":"","format":"standard","meta":{"footnotes":""},"categories":[1],"tags":[],"_links":{"self":[{"href":"https:\/\/www.aezuff.org\/extranet\/wp-json\/wp\/v2\/posts\/8664"}],"collection":[{"href":"https:\/\/www.aezuff.org\/extranet\/wp-json\/wp\/v2\/posts"}],"about":[{"href":"https:\/\/www.aezuff.org\/extranet\/wp-json\/wp\/v2\/types\/post"}],"author":[{"embeddable":true,"href":"https:\/\/www.aezuff.org\/extranet\/wp-json\/wp\/v2\/users\/1"}],"replies":[{"embeddable":true,"href":"https:\/\/www.aezuff.org\/extranet\/wp-json\/wp\/v2\/comments?post=8664"}],"version-history":[{"count":1,"href":"https:\/\/www.aezuff.org\/extranet\/wp-json\/wp\/v2\/posts\/8664\/revisions"}],"predecessor-version":[{"id":8666,"href":"https:\/\/www.aezuff.org\/extranet\/wp-json\/wp\/v2\/posts\/8664\/revisions\/8666"}],"wp:featuredmedia":[{"embeddable":true,"href":"https:\/\/www.aezuff.org\/extranet\/wp-json\/wp\/v2\/media\/8665"}],"wp:attachment":[{"href":"https:\/\/www.aezuff.org\/extranet\/wp-json\/wp\/v2\/media?parent=8664"}],"wp:term":[{"taxonomy":"category","embeddable":true,"href":"https:\/\/www.aezuff.org\/extranet\/wp-json\/wp\/v2\/categories?post=8664"},{"taxonomy":"post_tag","embeddable":true,"href":"https:\/\/www.aezuff.org\/extranet\/wp-json\/wp\/v2\/tags?post=8664"}],"curies":[{"name":"wp","href":"https:\/\/api.w.org\/{rel}","templated":true}]}}