{"id":8667,"date":"2019-02-07T12:01:37","date_gmt":"2019-02-07T12:01:37","guid":{"rendered":"http:\/\/www.aezuff.org\/extranet\/?p=8667"},"modified":"2019-02-07T14:31:39","modified_gmt":"2019-02-07T14:31:39","slug":"2-a-jornada-de-tenis-de-mesa","status":"publish","type":"post","link":"https:\/\/www.aezuff.org\/extranet\/2-a-jornada-de-tenis-de-mesa\/","title":{"rendered":"2.\u00aa Jornada de T\u00e9nis de Mesa"},"content":{"rendered":"<h5 style=\"text-align: left;\"><a href=\"http:\/\/www.aezuff.org\/extranet\/wp-content\/uploads\/2012\/10\/\/2019\/02\/Torneio-Tenis-Mesa-fev2019.jpg\"><img decoding=\"async\" loading=\"lazy\" class=\"size-medium wp-image-8668 alignleft\" src=\"http:\/\/www.aezuff.org\/extranet\/wp-content\/uploads\/2012\/10\/\/2019\/02\/Torneio-Tenis-Mesa-fev2019-300x252.jpg\" alt=\"\" width=\"300\" height=\"252\" srcset=\"https:\/\/www.aezuff.org\/extranet\/http:\/\/www.aezuff.org\/extranet\/wp-content\/uploads\/2012\/10\/2019\/02\/Torneio-Tenis-Mesa-fev2019-300x252.jpg 300w, https:\/\/www.aezuff.org\/extranet\/http:\/\/www.aezuff.org\/extranet\/wp-content\/uploads\/2012\/10\/2019\/02\/Torneio-Tenis-Mesa-fev2019-768x645.jpg 768w, https:\/\/www.aezuff.org\/extranet\/http:\/\/www.aezuff.org\/extranet\/wp-content\/uploads\/2012\/10\/2019\/02\/Torneio-Tenis-Mesa-fev2019-1024x860.jpg 1024w, https:\/\/www.aezuff.org\/extranet\/http:\/\/www.aezuff.org\/extranet\/wp-content\/uploads\/2012\/10\/2019\/02\/Torneio-Tenis-Mesa-fev2019.jpg 1200w\" sizes=\"(max-width: 300px) 100vw, 300px\" \/><\/a><\/h5>\n<h5 style=\"text-align: left;\">A 2.\u00aa Jornada do calend\u00e1rio competitivo do Desporto Escolar de T\u00e9nis de Mesa realizou-se em Montemor-o-Velho, no dia 6 de fevereiro, no Pavilh\u00e3o Municipal, tendo reunido mais de meia centena de alunos, da s\u00e9rie E. Os jogadores estavam muito empenhados em fazer o seu melhor e os resultados surgiram com dez classifica\u00e7\u00f5es nos tr\u00eas primeiros lugares, a destacar:<\/h5>\n<h5 style=\"text-align: left;\">Infantil A Feminino: 2.\u00ba &#8211; Lara Rama (5.\u00ba 13) e 3.\u00ba &#8211; Mariana Bonito (5.\u00ba 6)<\/h5>\n<h5 style=\"text-align: left;\">Infantil A Masculino: 1.\u00ba &#8211; Martim Jorge (5.\u00ba 10); 2.\u00ba &#8211; Tom\u00e1s Gomes (5.\u00ba 13) e 3.\u00ba &#8211; Francisco Cruz (5.\u00ba 6)<\/h5>\n<p>&nbsp;<\/p>\n<h5 style=\"text-align: left;\">Infantil B Feminino: 2.\u00ba &#8211; Rafaela Concei\u00e7\u00e3o (7.\u00ba C) e 3.\u00ba &#8211; Maria Jo\u00e3o Santos (7.\u00ba C)<\/h5>\n<h5 style=\"text-align: left;\">Infantil B Masculino: 1.\u00ba &#8211; Afonso Fonseca (7.\u00ba C)<\/h5>\n<h5 style=\"text-align: left;\">Iniciado Feminino: 2.\u00ba &#8211; Carolina Couto (9.\u00baD) e 3.\u00ba &#8211; Luana Pinto (8.\u00ba E).<\/h5>\n<h5 style=\"text-align: left;\">Matilde Albarino do 8.\u00ba A, desempenhou com rigor a sua fun\u00e7\u00e3o de arbitragem.<\/h5>\n<h5 style=\"text-align: left;\">A 3.\u00aa e \u00faltima jornada, ser\u00e1 realizada na Escola Dr. Jo\u00e3o de Barros no dia 27 de fevereiro.<\/h5>\n<h5 style=\"text-align: left;\">Muitos parab\u00e9ns pelas classifica\u00e7\u00f5es obtidas. At\u00e9 l\u00e1 \u2026 bons treinos!<\/h5>\n<h5 style=\"text-align: left;\">Isabel Oliveira<\/h5>\n<p>&nbsp;<\/p>\n<span class=\"synved-social-container synved-social-container-follow\"><a class=\"synved-social-button synved-social-button-follow synved-social-size-24 synved-social-resolution-single synved-social-provider-facebook nolightbox\" data-provider=\"facebook\" target=\"_blank\" rel=\"nofollow\" title=\"Siga-nos no Facebook\" href=\"https:\/\/www.facebook.com\/pages\/Agrupamento-de-Escolas-da-Zona-Urbana-da-Figueira-da-Foz\/112980278714783\" style=\"font-size: 0px; width:24px;height:24px;margin:0;margin-bottom:5px;margin-right:5px;\"><img alt=\"Facebook\" title=\"Siga-nos no Facebook\" class=\"synved-share-image synved-social-image synved-social-image-follow\" width=\"24\" height=\"24\" style=\"display: inline; width:24px;height:24px; margin: 0; padding: 0; border: none; box-shadow: none;\" src=\"https:\/\/www.aezuff.org\/extranet\/wp-content\/plugins\/social-media-feather\/synved-social\/addons\/extra-icons\/image\/social\/flag\/48x48\/facebook.png\" \/><\/a><a class=\"synved-social-button synved-social-button-follow synved-social-size-24 synved-social-resolution-single synved-social-provider-twitter nolightbox\" data-provider=\"twitter\" target=\"_blank\" rel=\"nofollow\" title=\"Siga-nos no Twitter\" href=\"https:\/\/twitter.com\/aezuff\" style=\"font-size: 0px; width:24px;height:24px;margin:0;margin-bottom:5px;margin-right:5px;\"><img alt=\"twitter\" title=\"Siga-nos no Twitter\" class=\"synved-share-image synved-social-image synved-social-image-follow\" width=\"24\" height=\"24\" style=\"display: inline; width:24px;height:24px; margin: 0; padding: 0; border: none; box-shadow: none;\" src=\"https:\/\/www.aezuff.org\/extranet\/wp-content\/plugins\/social-media-feather\/synved-social\/addons\/extra-icons\/image\/social\/flag\/48x48\/twitter.png\" \/><\/a><a class=\"synved-social-button synved-social-button-follow synved-social-size-24 synved-social-resolution-single synved-social-provider-youtube nolightbox\" data-provider=\"youtube\" target=\"_blank\" rel=\"nofollow\" title=\"Subscreva-nos no YouTube\" href=\"http:\/\/www.youtube.com\/user\/actividadeseb23jb\" style=\"font-size: 0px; width:24px;height:24px;margin:0;margin-bottom:5px;\"><img alt=\"youtube\" title=\"Subscreva-nos no YouTube\" class=\"synved-share-image synved-social-image synved-social-image-follow\" width=\"24\" height=\"24\" style=\"display: inline; width:24px;height:24px; margin: 0; padding: 0; border: none; box-shadow: none;\" src=\"https:\/\/www.aezuff.org\/extranet\/wp-content\/plugins\/social-media-feather\/synved-social\/addons\/extra-icons\/image\/social\/flag\/48x48\/youtube.png\" \/><\/a><a class=\"synved-social-credit\" target=\"_blank\" rel=\"nofollow\" title=\"WordPress Social Media Feather\" href=\"http:\/\/synved.com\/wordpress-social-media-feather\/\" style=\"color:#444; text-decoration:none; font-size:8px; margin-left:5px;vertical-align:10px;white-space:nowrap;\"><span>by <\/span><img style=\"display: inline;margin:0;padding:0;width:16px;height:16px;\" width=\"16\" height=\"16\" alt=\"feather\" src=\"https:\/\/www.aezuff.org\/extranet\/wp-content\/plugins\/social-media-feather\/synved-social\/image\/icon.png\" \/><\/a><\/span>","protected":false},"excerpt":{"rendered":"<p>A 2.\u00aa Jornada do calend\u00e1rio competitivo do Desporto Escolar de T\u00e9nis de Mesa realizou-se em Montemor-o-Velho, no dia 6 de fevereiro, no Pavilh\u00e3o Municipal, tendo reunido mais de meia centena de alunos, da s\u00e9rie&#46;&#46;&#46;<\/p>\n","protected":false},"author":1,"featured_media":8668,"comment_status":"closed","ping_status":"open","sticky":false,"template":"","format":"standard","meta":{"footnotes":""},"categories":[1],"tags":[],"_links":{"self":[{"href":"https:\/\/www.aezuff.org\/extranet\/wp-json\/wp\/v2\/posts\/8667"}],"collection":[{"href":"https:\/\/www.aezuff.org\/extranet\/wp-json\/wp\/v2\/posts"}],"about":[{"href":"https:\/\/www.aezuff.org\/extranet\/wp-json\/wp\/v2\/types\/post"}],"author":[{"embeddable":true,"href":"https:\/\/www.aezuff.org\/extranet\/wp-json\/wp\/v2\/users\/1"}],"replies":[{"embeddable":true,"href":"https:\/\/www.aezuff.org\/extranet\/wp-json\/wp\/v2\/comments?post=8667"}],"version-history":[{"count":1,"href":"https:\/\/www.aezuff.org\/extranet\/wp-json\/wp\/v2\/posts\/8667\/revisions"}],"predecessor-version":[{"id":8669,"href":"https:\/\/www.aezuff.org\/extranet\/wp-json\/wp\/v2\/posts\/8667\/revisions\/8669"}],"wp:featuredmedia":[{"embeddable":true,"href":"https:\/\/www.aezuff.org\/extranet\/wp-json\/wp\/v2\/media\/8668"}],"wp:attachment":[{"href":"https:\/\/www.aezuff.org\/extranet\/wp-json\/wp\/v2\/media?parent=8667"}],"wp:term":[{"taxonomy":"category","embeddable":true,"href":"https:\/\/www.aezuff.org\/extranet\/wp-json\/wp\/v2\/categories?post=8667"},{"taxonomy":"post_tag","embeddable":true,"href":"https:\/\/www.aezuff.org\/extranet\/wp-json\/wp\/v2\/tags?post=8667"}],"curies":[{"name":"wp","href":"https:\/\/api.w.org\/{rel}","templated":true}]}}