{"id":8675,"date":"2019-02-10T23:58:46","date_gmt":"2019-02-10T23:58:46","guid":{"rendered":"http:\/\/www.aezuff.org\/extranet\/?p=8675"},"modified":"2019-02-11T00:01:30","modified_gmt":"2019-02-11T00:01:30","slug":"dia-escolar-da-nao-violencia-e-paz-prevencao-do-bullying","status":"publish","type":"post","link":"https:\/\/www.aezuff.org\/extranet\/dia-escolar-da-nao-violencia-e-paz-prevencao-do-bullying\/","title":{"rendered":"DIA ESCOLAR DA N\u00c3O VIOL\u00caNCIA E PAZ  \u2013 Preven\u00e7\u00e3o do Bullying"},"content":{"rendered":"<p><a href=\"http:\/\/www.aezuff.org\/extranet\/wp-content\/uploads\/2012\/10\/\/2019\/02\/Bullying.jpg\"><img decoding=\"async\" loading=\"lazy\" class=\"aligncenter size-medium wp-image-8676\" src=\"http:\/\/www.aezuff.org\/extranet\/wp-content\/uploads\/2012\/10\/\/2019\/02\/Bullying-300x90.jpg\" alt=\"\" width=\"300\" height=\"90\" srcset=\"https:\/\/www.aezuff.org\/extranet\/http:\/\/www.aezuff.org\/extranet\/wp-content\/uploads\/2012\/10\/2019\/02\/Bullying-300x90.jpg 300w, https:\/\/www.aezuff.org\/extranet\/http:\/\/www.aezuff.org\/extranet\/wp-content\/uploads\/2012\/10\/2019\/02\/Bullying-768x230.jpg 768w, https:\/\/www.aezuff.org\/extranet\/http:\/\/www.aezuff.org\/extranet\/wp-content\/uploads\/2012\/10\/2019\/02\/Bullying-1024x307.jpg 1024w, https:\/\/www.aezuff.org\/extranet\/http:\/\/www.aezuff.org\/extranet\/wp-content\/uploads\/2012\/10\/2019\/02\/Bullying.jpg 1200w\" sizes=\"(max-width: 300px) 100vw, 300px\" \/><\/a><\/p>\n<p><strong>\u201cO bullying corresponde a um comportamento intencionalmente agressivo, violento e humilhante<\/strong><strong>,<\/strong> que envolve um desequil\u00edbrio de poder: as crian\u00e7as que fazem bullying usam o seu poder (a sua for\u00e7a f\u00edsica ou o acesso a alguma informa\u00e7\u00e3o constrangedora, por exemplo) para controlar e prejudicar outras crian\u00e7as. \u00c9 um comportamento repetido ao longo do tempo, que\u00a0<strong>acontece\u00a0mais do que uma vez<\/strong><strong>.<\/strong><\/p>\n<p><strong>O <\/strong><strong>bullying inclui comportamentos como<\/strong>\u00a0amea\u00e7ar, espalhar boatos, atacar algu\u00e9m fisicamente (bater, arranhar, cuspir, roubar ou partir objectos) ou verbalmente (chamar nomes, provocar, dizer \u00e0s outras crian\u00e7as para n\u00e3o serem amigas de uma delas, gozar) ou excluir algu\u00e9m do grupo propositadamente.\u201d ( site O.P.P. &#8211; Escola Saudavelmente)<\/p>\n<p>A Escola \u00e9 um dos lugares onde o bullying pode ser praticado, uma vez que neste espa\u00e7o convivem diariamente crian\u00e7as e adolescentes. Para a elimina\u00e7\u00e3o deste tipo de viol\u00eancia na escola, \u00e9 necess\u00e1rio tomar medidas que quando s\u00e3o bem aplicadas e \u00e9 envolvida toda a comunidade escolar, contribuem para o conv\u00edvio saud\u00e1vel e equilibrado, ou seja, para a forma\u00e7\u00e3o de uma <strong>cultura de n\u00e3o-viol\u00eancia na escola<\/strong>, e de uma forma mais geral, na sociedade.<\/p>\n<p>Assim, neste \u00e2mbito, e com o intuito de informar e sensibilizar os alunos para este fen\u00f3meno, a psic\u00f3loga escolar, Alexandra Mendes, dinamizou junto das turmas do 3.\u00ba ano do Centro Escolar de S. Juli\u00e3o\/Tavarede uma a\u00e7\u00e3o sobre esta tem\u00e1tica.<\/p>\n<span class=\"synved-social-container synved-social-container-follow\"><a class=\"synved-social-button synved-social-button-follow synved-social-size-24 synved-social-resolution-single synved-social-provider-facebook nolightbox\" data-provider=\"facebook\" target=\"_blank\" rel=\"nofollow\" title=\"Siga-nos no Facebook\" href=\"https:\/\/www.facebook.com\/pages\/Agrupamento-de-Escolas-da-Zona-Urbana-da-Figueira-da-Foz\/112980278714783\" style=\"font-size: 0px; width:24px;height:24px;margin:0;margin-bottom:5px;margin-right:5px;\"><img alt=\"Facebook\" title=\"Siga-nos no Facebook\" class=\"synved-share-image synved-social-image synved-social-image-follow\" width=\"24\" height=\"24\" style=\"display: inline; width:24px;height:24px; margin: 0; padding: 0; border: none; box-shadow: none;\" src=\"https:\/\/www.aezuff.org\/extranet\/wp-content\/plugins\/social-media-feather\/synved-social\/addons\/extra-icons\/image\/social\/flag\/48x48\/facebook.png\" \/><\/a><a class=\"synved-social-button synved-social-button-follow synved-social-size-24 synved-social-resolution-single synved-social-provider-twitter nolightbox\" data-provider=\"twitter\" target=\"_blank\" rel=\"nofollow\" title=\"Siga-nos no Twitter\" href=\"https:\/\/twitter.com\/aezuff\" style=\"font-size: 0px; width:24px;height:24px;margin:0;margin-bottom:5px;margin-right:5px;\"><img alt=\"twitter\" title=\"Siga-nos no Twitter\" class=\"synved-share-image synved-social-image synved-social-image-follow\" width=\"24\" height=\"24\" style=\"display: inline; width:24px;height:24px; margin: 0; padding: 0; border: none; box-shadow: none;\" src=\"https:\/\/www.aezuff.org\/extranet\/wp-content\/plugins\/social-media-feather\/synved-social\/addons\/extra-icons\/image\/social\/flag\/48x48\/twitter.png\" \/><\/a><a class=\"synved-social-button synved-social-button-follow synved-social-size-24 synved-social-resolution-single synved-social-provider-youtube nolightbox\" data-provider=\"youtube\" target=\"_blank\" rel=\"nofollow\" title=\"Subscreva-nos no YouTube\" href=\"http:\/\/www.youtube.com\/user\/actividadeseb23jb\" style=\"font-size: 0px; width:24px;height:24px;margin:0;margin-bottom:5px;\"><img alt=\"youtube\" title=\"Subscreva-nos no YouTube\" class=\"synved-share-image synved-social-image synved-social-image-follow\" width=\"24\" height=\"24\" style=\"display: inline; width:24px;height:24px; margin: 0; padding: 0; border: none; box-shadow: none;\" src=\"https:\/\/www.aezuff.org\/extranet\/wp-content\/plugins\/social-media-feather\/synved-social\/addons\/extra-icons\/image\/social\/flag\/48x48\/youtube.png\" \/><\/a><a class=\"synved-social-credit\" target=\"_blank\" rel=\"nofollow\" title=\"WordPress Social Media Feather\" href=\"http:\/\/synved.com\/wordpress-social-media-feather\/\" style=\"color:#444; text-decoration:none; font-size:8px; margin-left:5px;vertical-align:10px;white-space:nowrap;\"><span>by <\/span><img style=\"display: inline;margin:0;padding:0;width:16px;height:16px;\" width=\"16\" height=\"16\" alt=\"feather\" src=\"https:\/\/www.aezuff.org\/extranet\/wp-content\/plugins\/social-media-feather\/synved-social\/image\/icon.png\" \/><\/a><\/span>","protected":false},"excerpt":{"rendered":"<p>\u201cO bullying corresponde a um comportamento intencionalmente agressivo, violento e humilhante, que envolve um desequil\u00edbrio de poder: as crian\u00e7as que fazem bullying usam o seu poder (a sua for\u00e7a f\u00edsica ou o acesso a&#46;&#46;&#46;<\/p>\n","protected":false},"author":1,"featured_media":8676,"comment_status":"closed","ping_status":"open","sticky":false,"template":"","format":"standard","meta":{"footnotes":""},"categories":[1],"tags":[],"_links":{"self":[{"href":"https:\/\/www.aezuff.org\/extranet\/wp-json\/wp\/v2\/posts\/8675"}],"collection":[{"href":"https:\/\/www.aezuff.org\/extranet\/wp-json\/wp\/v2\/posts"}],"about":[{"href":"https:\/\/www.aezuff.org\/extranet\/wp-json\/wp\/v2\/types\/post"}],"author":[{"embeddable":true,"href":"https:\/\/www.aezuff.org\/extranet\/wp-json\/wp\/v2\/users\/1"}],"replies":[{"embeddable":true,"href":"https:\/\/www.aezuff.org\/extranet\/wp-json\/wp\/v2\/comments?post=8675"}],"version-history":[{"count":1,"href":"https:\/\/www.aezuff.org\/extranet\/wp-json\/wp\/v2\/posts\/8675\/revisions"}],"predecessor-version":[{"id":8677,"href":"https:\/\/www.aezuff.org\/extranet\/wp-json\/wp\/v2\/posts\/8675\/revisions\/8677"}],"wp:featuredmedia":[{"embeddable":true,"href":"https:\/\/www.aezuff.org\/extranet\/wp-json\/wp\/v2\/media\/8676"}],"wp:attachment":[{"href":"https:\/\/www.aezuff.org\/extranet\/wp-json\/wp\/v2\/media?parent=8675"}],"wp:term":[{"taxonomy":"category","embeddable":true,"href":"https:\/\/www.aezuff.org\/extranet\/wp-json\/wp\/v2\/categories?post=8675"},{"taxonomy":"post_tag","embeddable":true,"href":"https:\/\/www.aezuff.org\/extranet\/wp-json\/wp\/v2\/tags?post=8675"}],"curies":[{"name":"wp","href":"https:\/\/api.w.org\/{rel}","templated":true}]}}