{"id":8821,"date":"2019-02-27T22:36:06","date_gmt":"2019-02-27T22:36:06","guid":{"rendered":"http:\/\/www.aezuff.org\/extranet\/?p=8821"},"modified":"2019-02-27T23:03:42","modified_gmt":"2019-02-27T23:03:42","slug":"2-o-encontro-de-atividades-ritmicas-e-expressivas-e-b-2-3-dr-joao-de-barros","status":"publish","type":"post","link":"https:\/\/www.aezuff.org\/extranet\/2-o-encontro-de-atividades-ritmicas-e-expressivas-e-b-2-3-dr-joao-de-barros\/","title":{"rendered":"2.\u00ba Encontro de Atividades R\u00edtmicas e Expressivas &#8211; E.B. 2-3 Dr. Jo\u00e3o de Barros"},"content":{"rendered":"<div><span style=\"color: #000000; font-family: arial, helvetica, sans-serif;\"><a href=\"http:\/\/www.aezuff.org\/extranet\/wp-content\/uploads\/2012\/10\/\/2019\/02\/atividades-ritmicas_27-fev.jpg\"><img decoding=\"async\" loading=\"lazy\" class=\"size-medium wp-image-8822 alignleft\" src=\"http:\/\/www.aezuff.org\/extranet\/wp-content\/uploads\/2012\/10\/\/2019\/02\/atividades-ritmicas_27-fev-300x222.jpg\" alt=\"\" width=\"300\" height=\"222\" srcset=\"https:\/\/www.aezuff.org\/extranet\/http:\/\/www.aezuff.org\/extranet\/wp-content\/uploads\/2012\/10\/2019\/02\/atividades-ritmicas_27-fev-300x222.jpg 300w, https:\/\/www.aezuff.org\/extranet\/http:\/\/www.aezuff.org\/extranet\/wp-content\/uploads\/2012\/10\/2019\/02\/atividades-ritmicas_27-fev-768x568.jpg 768w, https:\/\/www.aezuff.org\/extranet\/http:\/\/www.aezuff.org\/extranet\/wp-content\/uploads\/2012\/10\/2019\/02\/atividades-ritmicas_27-fev-1024x758.jpg 1024w, https:\/\/www.aezuff.org\/extranet\/http:\/\/www.aezuff.org\/extranet\/wp-content\/uploads\/2012\/10\/2019\/02\/atividades-ritmicas_27-fev.jpg 1200w\" sizes=\"(max-width: 300px) 100vw, 300px\" \/><\/a><\/span><\/div>\n<div><span style=\"color: #000000; font-family: arial, helvetica, sans-serif;\">Teve lugar, no dia 27 de fevereiro, o 2.\u00ba Encontro Local de Atividades R\u00edtmicas e Expr<span class=\"m_-2062914913088641797gmail-text_exposed_show\">essivas, no \u00e2mbito do Desporto Escolar, organizado pelo Agrupamento de Escolas de Montemor-o-Velho.<br \/>\nA E.B. 2-3 Dr. Jo\u00e3o de Barros venceu o 1.\u00ba lugar no n\u00edvel Introdut\u00f3rio\/Elementar com as coreografias &#8220;Arrebol&#8221; e &#8220;Team Work&#8221;.<br \/>\nA Alice Lopes, Iara Matos, In\u00eas Dias, Margarida Ser\u00f4dio, Joana Oliveira, Sofia Oliveira, Ana Marta Mendes, Beatriz Liz\u00e1rio, Carolina Oliveira, Marta Oliveira, Mariana Cravo, Marta Cola\u00e7o, In\u00eas Gon\u00e7alves, Lara Dias, Ariana Ferreira e Belisa Miguel integraram o grupo de atletas, orientadas pela Professora Bela Matos. Como ju\u00edzes de prova participaram as alunas Carlota Pedro, Carolina Martins e Matilde Ladeiro.<\/span><\/span><\/div>\n<div><span style=\"color: #000000; font-family: arial, helvetica, sans-serif;\">Mais do que uma vit\u00f3ria, \u00e9 um ORGULHO representar este Agrupamento e trabalhar com Alunos (atletas, ju\u00edzes)\u00a0t\u00e3o empenhados.<\/span><\/div>\n<div><span style=\"color: #000000; font-family: arial, helvetica, sans-serif;\">Desistir? Nunca!\u00a0<\/span><\/div>\n<span class=\"synved-social-container synved-social-container-follow\"><a class=\"synved-social-button synved-social-button-follow synved-social-size-24 synved-social-resolution-single synved-social-provider-facebook nolightbox\" data-provider=\"facebook\" target=\"_blank\" rel=\"nofollow\" title=\"Siga-nos no Facebook\" href=\"https:\/\/www.facebook.com\/pages\/Agrupamento-de-Escolas-da-Zona-Urbana-da-Figueira-da-Foz\/112980278714783\" style=\"font-size: 0px; width:24px;height:24px;margin:0;margin-bottom:5px;margin-right:5px;\"><img alt=\"Facebook\" title=\"Siga-nos no Facebook\" class=\"synved-share-image synved-social-image synved-social-image-follow\" width=\"24\" height=\"24\" style=\"display: inline; width:24px;height:24px; margin: 0; padding: 0; border: none; box-shadow: none;\" src=\"https:\/\/www.aezuff.org\/extranet\/wp-content\/plugins\/social-media-feather\/synved-social\/addons\/extra-icons\/image\/social\/flag\/48x48\/facebook.png\" \/><\/a><a class=\"synved-social-button synved-social-button-follow synved-social-size-24 synved-social-resolution-single synved-social-provider-twitter nolightbox\" data-provider=\"twitter\" target=\"_blank\" rel=\"nofollow\" title=\"Siga-nos no Twitter\" href=\"https:\/\/twitter.com\/aezuff\" style=\"font-size: 0px; width:24px;height:24px;margin:0;margin-bottom:5px;margin-right:5px;\"><img alt=\"twitter\" title=\"Siga-nos no Twitter\" class=\"synved-share-image synved-social-image synved-social-image-follow\" width=\"24\" height=\"24\" style=\"display: inline; width:24px;height:24px; margin: 0; padding: 0; border: none; box-shadow: none;\" src=\"https:\/\/www.aezuff.org\/extranet\/wp-content\/plugins\/social-media-feather\/synved-social\/addons\/extra-icons\/image\/social\/flag\/48x48\/twitter.png\" \/><\/a><a class=\"synved-social-button synved-social-button-follow synved-social-size-24 synved-social-resolution-single synved-social-provider-youtube nolightbox\" data-provider=\"youtube\" target=\"_blank\" rel=\"nofollow\" title=\"Subscreva-nos no YouTube\" href=\"http:\/\/www.youtube.com\/user\/actividadeseb23jb\" style=\"font-size: 0px; width:24px;height:24px;margin:0;margin-bottom:5px;\"><img alt=\"youtube\" title=\"Subscreva-nos no YouTube\" class=\"synved-share-image synved-social-image synved-social-image-follow\" width=\"24\" height=\"24\" style=\"display: inline; width:24px;height:24px; margin: 0; padding: 0; border: none; box-shadow: none;\" src=\"https:\/\/www.aezuff.org\/extranet\/wp-content\/plugins\/social-media-feather\/synved-social\/addons\/extra-icons\/image\/social\/flag\/48x48\/youtube.png\" \/><\/a><a class=\"synved-social-credit\" target=\"_blank\" rel=\"nofollow\" title=\"WordPress Social Media Feather\" href=\"http:\/\/synved.com\/wordpress-social-media-feather\/\" style=\"color:#444; text-decoration:none; font-size:8px; margin-left:5px;vertical-align:10px;white-space:nowrap;\"><span>by <\/span><img style=\"display: inline;margin:0;padding:0;width:16px;height:16px;\" width=\"16\" height=\"16\" alt=\"feather\" src=\"https:\/\/www.aezuff.org\/extranet\/wp-content\/plugins\/social-media-feather\/synved-social\/image\/icon.png\" \/><\/a><\/span>","protected":false},"excerpt":{"rendered":"<p>Teve lugar, no dia 27 de fevereiro, o 2.\u00ba Encontro Local de Atividades R\u00edtmicas e Expressivas, no \u00e2mbito do Desporto Escolar, organizado pelo Agrupamento de Escolas de Montemor-o-Velho. A E.B. 2-3 Dr. Jo\u00e3o de&#46;&#46;&#46;<\/p>\n","protected":false},"author":1,"featured_media":8822,"comment_status":"closed","ping_status":"open","sticky":false,"template":"","format":"standard","meta":{"footnotes":""},"categories":[1],"tags":[],"_links":{"self":[{"href":"https:\/\/www.aezuff.org\/extranet\/wp-json\/wp\/v2\/posts\/8821"}],"collection":[{"href":"https:\/\/www.aezuff.org\/extranet\/wp-json\/wp\/v2\/posts"}],"about":[{"href":"https:\/\/www.aezuff.org\/extranet\/wp-json\/wp\/v2\/types\/post"}],"author":[{"embeddable":true,"href":"https:\/\/www.aezuff.org\/extranet\/wp-json\/wp\/v2\/users\/1"}],"replies":[{"embeddable":true,"href":"https:\/\/www.aezuff.org\/extranet\/wp-json\/wp\/v2\/comments?post=8821"}],"version-history":[{"count":1,"href":"https:\/\/www.aezuff.org\/extranet\/wp-json\/wp\/v2\/posts\/8821\/revisions"}],"predecessor-version":[{"id":8823,"href":"https:\/\/www.aezuff.org\/extranet\/wp-json\/wp\/v2\/posts\/8821\/revisions\/8823"}],"wp:featuredmedia":[{"embeddable":true,"href":"https:\/\/www.aezuff.org\/extranet\/wp-json\/wp\/v2\/media\/8822"}],"wp:attachment":[{"href":"https:\/\/www.aezuff.org\/extranet\/wp-json\/wp\/v2\/media?parent=8821"}],"wp:term":[{"taxonomy":"category","embeddable":true,"href":"https:\/\/www.aezuff.org\/extranet\/wp-json\/wp\/v2\/categories?post=8821"},{"taxonomy":"post_tag","embeddable":true,"href":"https:\/\/www.aezuff.org\/extranet\/wp-json\/wp\/v2\/tags?post=8821"}],"curies":[{"name":"wp","href":"https:\/\/api.w.org\/{rel}","templated":true}]}}