{"id":8895,"date":"2019-03-21T11:14:13","date_gmt":"2019-03-21T11:14:13","guid":{"rendered":"http:\/\/www.aezuff.org\/extranet\/?p=8895"},"modified":"2019-03-21T11:14:13","modified_gmt":"2019-03-21T11:14:13","slug":"escola-dr-joao-de-barros-campea-distrital-de-atividades-ritmicas-e-expressivas-nivel-introdutorioelementar","status":"publish","type":"post","link":"https:\/\/www.aezuff.org\/extranet\/escola-dr-joao-de-barros-campea-distrital-de-atividades-ritmicas-e-expressivas-nivel-introdutorioelementar\/","title":{"rendered":"Escola Dr. Jo\u00e3o de Barros &#8211; Campe\u00e3 Distrital de Atividades R\u00edtmicas e Expressivas, N\u00edvel Introdut\u00f3rio\/Elementar"},"content":{"rendered":"<p><b><a href=\"http:\/\/www.aezuff.org\/extranet\/wp-content\/uploads\/2012\/10\/\/2019\/03\/ativid-ritmicas-mar\u00e7o19.jpg\"><img decoding=\"async\" loading=\"lazy\" class=\"size-medium wp-image-8896 alignleft\" src=\"http:\/\/www.aezuff.org\/extranet\/wp-content\/uploads\/2012\/10\/\/2019\/03\/ativid-ritmicas-mar\u00e7o19-300x243.jpg\" alt=\"\" width=\"300\" height=\"243\" srcset=\"https:\/\/www.aezuff.org\/extranet\/http:\/\/www.aezuff.org\/extranet\/wp-content\/uploads\/2012\/10\/2019\/03\/ativid-ritmicas-mar\u00e7o19-300x243.jpg 300w, https:\/\/www.aezuff.org\/extranet\/http:\/\/www.aezuff.org\/extranet\/wp-content\/uploads\/2012\/10\/2019\/03\/ativid-ritmicas-mar\u00e7o19-768x622.jpg 768w, https:\/\/www.aezuff.org\/extranet\/http:\/\/www.aezuff.org\/extranet\/wp-content\/uploads\/2012\/10\/2019\/03\/ativid-ritmicas-mar\u00e7o19-1024x829.jpg 1024w, https:\/\/www.aezuff.org\/extranet\/http:\/\/www.aezuff.org\/extranet\/wp-content\/uploads\/2012\/10\/2019\/03\/ativid-ritmicas-mar\u00e7o19.jpg 1200w\" sizes=\"(max-width: 300px) 100vw, 300px\" \/><\/a><\/b><\/p>\n<p>Teve lugar ontem, 20 de mar\u00e7o, o 3.\u00ba Encontro Local de Atividades R\u00edtmicas e Expressivas, no \u00e2mbito do Desporto Escolar, que decorreu em Miranda do Corvo.<br \/>\nA EB 2-3 Dr. Jo\u00e3o de Barros venceu o 1.\u00ba lugar no n\u00edvel Introdut\u00f3rio\/Elementar com as coreografias &#8220;Arrebol&#8221; e &#8220;Team Work&#8221;, consagrando-se Campe\u00e3 Distrital no seu escal\u00e3o.<br \/>\nAs Alunas Alice Lopes, Iara Matos, In\u00eas Dias, Margarida Ser\u00f4dio, Joana Oliveira, Sofia Oliveira, Ana Mendes, Beatriz Lizi\u00e1rio, Carolina Neto, Marta Neto, Mariana Cravo, Marta Cola\u00e7o, In\u00eas Gon\u00e7alves, Lara Dias, Ariana Ferreira e Belisa Miguel\u00a0integram o grupo de alunas campe\u00e3s distritais orientado pela Professora Bela Matos.<\/p>\n<p><span class=\"m_-3598258549441328141gmail-text_exposed_show\">Como ju\u00edzes de prova participaram as alunas Carlota Pedro, Carolina Martins e Matilde Ladeiro.<br \/>\n<span id=\"m_-3598258549441328141gmail-u_1z_2\" class=\"m_-3598258549441328141gmail-_ezo\">Parab\u00e9ns<\/span>\u00a0AEZUFF!<\/span><\/p>\n<span class=\"synved-social-container synved-social-container-follow\"><a class=\"synved-social-button synved-social-button-follow synved-social-size-24 synved-social-resolution-single synved-social-provider-facebook nolightbox\" data-provider=\"facebook\" target=\"_blank\" rel=\"nofollow\" title=\"Siga-nos no Facebook\" href=\"https:\/\/www.facebook.com\/pages\/Agrupamento-de-Escolas-da-Zona-Urbana-da-Figueira-da-Foz\/112980278714783\" style=\"font-size: 0px; width:24px;height:24px;margin:0;margin-bottom:5px;margin-right:5px;\"><img alt=\"Facebook\" title=\"Siga-nos no Facebook\" class=\"synved-share-image synved-social-image synved-social-image-follow\" width=\"24\" height=\"24\" style=\"display: inline; width:24px;height:24px; margin: 0; padding: 0; border: none; box-shadow: none;\" src=\"https:\/\/www.aezuff.org\/extranet\/wp-content\/plugins\/social-media-feather\/synved-social\/addons\/extra-icons\/image\/social\/flag\/48x48\/facebook.png\" \/><\/a><a class=\"synved-social-button synved-social-button-follow synved-social-size-24 synved-social-resolution-single synved-social-provider-twitter nolightbox\" data-provider=\"twitter\" target=\"_blank\" rel=\"nofollow\" title=\"Siga-nos no Twitter\" href=\"https:\/\/twitter.com\/aezuff\" style=\"font-size: 0px; width:24px;height:24px;margin:0;margin-bottom:5px;margin-right:5px;\"><img alt=\"twitter\" title=\"Siga-nos no Twitter\" class=\"synved-share-image synved-social-image synved-social-image-follow\" width=\"24\" height=\"24\" style=\"display: inline; width:24px;height:24px; margin: 0; padding: 0; border: none; box-shadow: none;\" src=\"https:\/\/www.aezuff.org\/extranet\/wp-content\/plugins\/social-media-feather\/synved-social\/addons\/extra-icons\/image\/social\/flag\/48x48\/twitter.png\" \/><\/a><a class=\"synved-social-button synved-social-button-follow synved-social-size-24 synved-social-resolution-single synved-social-provider-youtube nolightbox\" data-provider=\"youtube\" target=\"_blank\" rel=\"nofollow\" title=\"Subscreva-nos no YouTube\" href=\"http:\/\/www.youtube.com\/user\/actividadeseb23jb\" style=\"font-size: 0px; width:24px;height:24px;margin:0;margin-bottom:5px;\"><img alt=\"youtube\" title=\"Subscreva-nos no YouTube\" class=\"synved-share-image synved-social-image synved-social-image-follow\" width=\"24\" height=\"24\" style=\"display: inline; width:24px;height:24px; margin: 0; padding: 0; border: none; box-shadow: none;\" src=\"https:\/\/www.aezuff.org\/extranet\/wp-content\/plugins\/social-media-feather\/synved-social\/addons\/extra-icons\/image\/social\/flag\/48x48\/youtube.png\" \/><\/a><a class=\"synved-social-credit\" target=\"_blank\" rel=\"nofollow\" title=\"WordPress Social Media Feather\" href=\"http:\/\/synved.com\/wordpress-social-media-feather\/\" style=\"color:#444; text-decoration:none; font-size:8px; margin-left:5px;vertical-align:10px;white-space:nowrap;\"><span>by <\/span><img style=\"display: inline;margin:0;padding:0;width:16px;height:16px;\" width=\"16\" height=\"16\" alt=\"feather\" src=\"https:\/\/www.aezuff.org\/extranet\/wp-content\/plugins\/social-media-feather\/synved-social\/image\/icon.png\" \/><\/a><\/span>","protected":false},"excerpt":{"rendered":"<p>Teve lugar ontem, 20 de mar\u00e7o, o 3.\u00ba Encontro Local de Atividades R\u00edtmicas e Expressivas, no \u00e2mbito do Desporto Escolar, que decorreu em Miranda do Corvo. A EB 2-3 Dr. Jo\u00e3o de Barros venceu&#46;&#46;&#46;<\/p>\n","protected":false},"author":1,"featured_media":8896,"comment_status":"closed","ping_status":"open","sticky":false,"template":"","format":"standard","meta":{"footnotes":""},"categories":[1],"tags":[],"_links":{"self":[{"href":"https:\/\/www.aezuff.org\/extranet\/wp-json\/wp\/v2\/posts\/8895"}],"collection":[{"href":"https:\/\/www.aezuff.org\/extranet\/wp-json\/wp\/v2\/posts"}],"about":[{"href":"https:\/\/www.aezuff.org\/extranet\/wp-json\/wp\/v2\/types\/post"}],"author":[{"embeddable":true,"href":"https:\/\/www.aezuff.org\/extranet\/wp-json\/wp\/v2\/users\/1"}],"replies":[{"embeddable":true,"href":"https:\/\/www.aezuff.org\/extranet\/wp-json\/wp\/v2\/comments?post=8895"}],"version-history":[{"count":1,"href":"https:\/\/www.aezuff.org\/extranet\/wp-json\/wp\/v2\/posts\/8895\/revisions"}],"predecessor-version":[{"id":8897,"href":"https:\/\/www.aezuff.org\/extranet\/wp-json\/wp\/v2\/posts\/8895\/revisions\/8897"}],"wp:featuredmedia":[{"embeddable":true,"href":"https:\/\/www.aezuff.org\/extranet\/wp-json\/wp\/v2\/media\/8896"}],"wp:attachment":[{"href":"https:\/\/www.aezuff.org\/extranet\/wp-json\/wp\/v2\/media?parent=8895"}],"wp:term":[{"taxonomy":"category","embeddable":true,"href":"https:\/\/www.aezuff.org\/extranet\/wp-json\/wp\/v2\/categories?post=8895"},{"taxonomy":"post_tag","embeddable":true,"href":"https:\/\/www.aezuff.org\/extranet\/wp-json\/wp\/v2\/tags?post=8895"}],"curies":[{"name":"wp","href":"https:\/\/api.w.org\/{rel}","templated":true}]}}