{"id":9467,"date":"2019-12-10T21:22:24","date_gmt":"2019-12-10T21:22:24","guid":{"rendered":"http:\/\/www.aezuff.org\/extranet\/?p=9467"},"modified":"2019-12-10T21:22:24","modified_gmt":"2019-12-10T21:22:24","slug":"professoras-embaixadoras-do-aezuff-participam-em-sessao-de-capacitacao-na-area-do-empreendedorismo","status":"publish","type":"post","link":"https:\/\/www.aezuff.org\/extranet\/professoras-embaixadoras-do-aezuff-participam-em-sessao-de-capacitacao-na-area-do-empreendedorismo\/","title":{"rendered":"Professoras Embaixadoras do AEZUFF participam em sess\u00e3o de capacita\u00e7\u00e3o na \u00e1rea do Empreendedorismo"},"content":{"rendered":"<div class=\"gmail_attr\"><\/div>\n<div class=\"gmail_attr\"><a href=\"http:\/\/www.aezuff.org\/extranet\/http:\/\/www.aezuff.org\/extranet\/wp-content\/uploads\/2012\/10\/\/2019\/12\/empreendedorismo_dez2019.jpg\"><img decoding=\"async\" loading=\"lazy\" class=\"aligncenter size-medium wp-image-9468\" src=\"http:\/\/www.aezuff.org\/extranet\/http:\/\/www.aezuff.org\/extranet\/wp-content\/uploads\/2012\/10\/\/2019\/12\/empreendedorismo_dez2019-300x132.jpg\" alt=\"\" width=\"300\" height=\"132\" srcset=\"https:\/\/www.aezuff.org\/extranet\/http:\/\/www.aezuff.org\/extranet\/wp-content\/uploads\/2012\/10\/2019\/12\/empreendedorismo_dez2019-300x132.jpg 300w, https:\/\/www.aezuff.org\/extranet\/http:\/\/www.aezuff.org\/extranet\/wp-content\/uploads\/2012\/10\/2019\/12\/empreendedorismo_dez2019-768x338.jpg 768w, https:\/\/www.aezuff.org\/extranet\/http:\/\/www.aezuff.org\/extranet\/wp-content\/uploads\/2012\/10\/2019\/12\/empreendedorismo_dez2019-1024x451.jpg 1024w, https:\/\/www.aezuff.org\/extranet\/http:\/\/www.aezuff.org\/extranet\/wp-content\/uploads\/2012\/10\/2019\/12\/empreendedorismo_dez2019.jpg 1200w\" sizes=\"(max-width: 300px) 100vw, 300px\" \/><\/a>Decorreu ontem, 9 de dezembro de 2019, nas instala\u00e7\u00f5es da Comunidade Intermunicipal da Regi\u00e3o de Coimbra, a primeira sess\u00e3o de capacita\u00e7\u00e3o para os Embaixadores do Programa &#8220;Imagine. Create. Succeed&#8221;, programa de Empreendedorismo nas Escolas.<\/div>\n<div class=\"gmail_attr\">As Professoras Ad\u00e9lia Henriques e Bela Matos, dinamizadoras do Clube de Empreendedorismo do AEZUFF, representaram o nosso Agrupamento nesta que \u00e9 a 7.\u00aa edi\u00e7\u00e3o desta iniciativa.<\/div>\n<div class=\"gmail_attr\">O programa compreende, no presente ano letivo, propostas diversificadas desde a Educa\u00e7\u00e3o Pr\u00e9-Escolar ao Ensino Secund\u00e1rio, prevendo-se a participa\u00e7\u00e3o do nosso Agrupamento com grupos\/turmas do pr\u00e9-escolar, 1.\u00ba, 2.\u00ba e 3.\u00ba Ciclos.<\/div>\n<div class=\"gmail_attr\">As finais intermunicipais do 2.\u00ba e 3.\u00ba Ciclos t\u00eam lugar no dia 9 de maio de 2020, na Figueira da Foz, justamente porque os projetos do AEZUFF \u00abGr\u00e3o D&#8217;Arroz|FigArroz\u00bb (do 2.\u00ba Ciclo) e \u00abGATS|NBAI\u00bb (3.\u00ba Ciclo) alcan\u00e7aram, na edi\u00e7\u00e3o do ano anterior, o primeiro lugar em ambos os ciclos de escolaridade.<\/div>\n<span class=\"synved-social-container synved-social-container-follow\"><a class=\"synved-social-button synved-social-button-follow synved-social-size-24 synved-social-resolution-single synved-social-provider-facebook nolightbox\" data-provider=\"facebook\" target=\"_blank\" rel=\"nofollow\" title=\"Siga-nos no Facebook\" href=\"https:\/\/www.facebook.com\/pages\/Agrupamento-de-Escolas-da-Zona-Urbana-da-Figueira-da-Foz\/112980278714783\" style=\"font-size: 0px; width:24px;height:24px;margin:0;margin-bottom:5px;margin-right:5px;\"><img alt=\"Facebook\" title=\"Siga-nos no Facebook\" class=\"synved-share-image synved-social-image synved-social-image-follow\" width=\"24\" height=\"24\" style=\"display: inline; width:24px;height:24px; margin: 0; padding: 0; border: none; box-shadow: none;\" src=\"https:\/\/www.aezuff.org\/extranet\/wp-content\/plugins\/social-media-feather\/synved-social\/addons\/extra-icons\/image\/social\/flag\/48x48\/facebook.png\" \/><\/a><a class=\"synved-social-button synved-social-button-follow synved-social-size-24 synved-social-resolution-single synved-social-provider-twitter nolightbox\" data-provider=\"twitter\" target=\"_blank\" rel=\"nofollow\" title=\"Siga-nos no Twitter\" href=\"https:\/\/twitter.com\/aezuff\" style=\"font-size: 0px; width:24px;height:24px;margin:0;margin-bottom:5px;margin-right:5px;\"><img alt=\"twitter\" title=\"Siga-nos no Twitter\" class=\"synved-share-image synved-social-image synved-social-image-follow\" width=\"24\" height=\"24\" style=\"display: inline; width:24px;height:24px; margin: 0; padding: 0; border: none; box-shadow: none;\" src=\"https:\/\/www.aezuff.org\/extranet\/wp-content\/plugins\/social-media-feather\/synved-social\/addons\/extra-icons\/image\/social\/flag\/48x48\/twitter.png\" \/><\/a><a class=\"synved-social-button synved-social-button-follow synved-social-size-24 synved-social-resolution-single synved-social-provider-youtube nolightbox\" data-provider=\"youtube\" target=\"_blank\" rel=\"nofollow\" title=\"Subscreva-nos no YouTube\" href=\"http:\/\/www.youtube.com\/user\/actividadeseb23jb\" style=\"font-size: 0px; width:24px;height:24px;margin:0;margin-bottom:5px;\"><img alt=\"youtube\" title=\"Subscreva-nos no YouTube\" class=\"synved-share-image synved-social-image synved-social-image-follow\" width=\"24\" height=\"24\" style=\"display: inline; width:24px;height:24px; margin: 0; padding: 0; border: none; box-shadow: none;\" src=\"https:\/\/www.aezuff.org\/extranet\/wp-content\/plugins\/social-media-feather\/synved-social\/addons\/extra-icons\/image\/social\/flag\/48x48\/youtube.png\" \/><\/a><a class=\"synved-social-credit\" target=\"_blank\" rel=\"nofollow\" title=\"WordPress Social Media Feather\" href=\"http:\/\/synved.com\/wordpress-social-media-feather\/\" style=\"color:#444; text-decoration:none; font-size:8px; margin-left:5px;vertical-align:10px;white-space:nowrap;\"><span>by <\/span><img style=\"display: inline;margin:0;padding:0;width:16px;height:16px;\" width=\"16\" height=\"16\" alt=\"feather\" src=\"https:\/\/www.aezuff.org\/extranet\/wp-content\/plugins\/social-media-feather\/synved-social\/image\/icon.png\" \/><\/a><\/span>","protected":false},"excerpt":{"rendered":"<p>Decorreu ontem, 9 de dezembro de 2019, nas instala\u00e7\u00f5es da Comunidade Intermunicipal da Regi\u00e3o de Coimbra, a primeira sess\u00e3o de capacita\u00e7\u00e3o para os Embaixadores do Programa &#8220;Imagine. Create. Succeed&#8221;, programa de Empreendedorismo nas Escolas.&#46;&#46;&#46;<\/p>\n","protected":false},"author":1,"featured_media":9468,"comment_status":"closed","ping_status":"open","sticky":false,"template":"","format":"standard","meta":{"footnotes":""},"categories":[1],"tags":[],"_links":{"self":[{"href":"https:\/\/www.aezuff.org\/extranet\/wp-json\/wp\/v2\/posts\/9467"}],"collection":[{"href":"https:\/\/www.aezuff.org\/extranet\/wp-json\/wp\/v2\/posts"}],"about":[{"href":"https:\/\/www.aezuff.org\/extranet\/wp-json\/wp\/v2\/types\/post"}],"author":[{"embeddable":true,"href":"https:\/\/www.aezuff.org\/extranet\/wp-json\/wp\/v2\/users\/1"}],"replies":[{"embeddable":true,"href":"https:\/\/www.aezuff.org\/extranet\/wp-json\/wp\/v2\/comments?post=9467"}],"version-history":[{"count":2,"href":"https:\/\/www.aezuff.org\/extranet\/wp-json\/wp\/v2\/posts\/9467\/revisions"}],"predecessor-version":[{"id":9470,"href":"https:\/\/www.aezuff.org\/extranet\/wp-json\/wp\/v2\/posts\/9467\/revisions\/9470"}],"wp:featuredmedia":[{"embeddable":true,"href":"https:\/\/www.aezuff.org\/extranet\/wp-json\/wp\/v2\/media\/9468"}],"wp:attachment":[{"href":"https:\/\/www.aezuff.org\/extranet\/wp-json\/wp\/v2\/media?parent=9467"}],"wp:term":[{"taxonomy":"category","embeddable":true,"href":"https:\/\/www.aezuff.org\/extranet\/wp-json\/wp\/v2\/categories?post=9467"},{"taxonomy":"post_tag","embeddable":true,"href":"https:\/\/www.aezuff.org\/extranet\/wp-json\/wp\/v2\/tags?post=9467"}],"curies":[{"name":"wp","href":"https:\/\/api.w.org\/{rel}","templated":true}]}}